{"id":9150,"date":"2025-09-09T11:40:33","date_gmt":"2025-09-09T09:40:33","guid":{"rendered":"https:\/\/www.grupoargraf.com\/energie-solaire-et-processus-efficaces-notre-engagement-au-dela-de-l-impression\/"},"modified":"2025-09-09T11:51:25","modified_gmt":"2025-09-09T09:51:25","slug":"energie-solaire-et-processus-efficaces-notre-engagement-au-dela-de-l-impression","status":"publish","type":"post","link":"https:\/\/www.grupoargraf.com\/fr\/energie-solaire-et-processus-efficaces-notre-engagement-au-dela-de-l-impression\/","title":{"rendered":"\u00c9nergie solaire et processus efficaces : notre engagement au-del\u00e0 de l\u2019impression"},"content":{"rendered":"\n<p>Chez Grupo Argraf nous comprenons que la durabilit\u00e9 n\u2019est pas seulement une tendance, mais une responsabilit\u00e9 que nous assumons avec chaque \u00e9tiquette que nous produisons. C\u2019est pourquoi nous avons int\u00e9gr\u00e9 des pratiques \u00e9cologiques dans tous nos processus, depuis le choix des mat\u00e9riaux jusqu\u2019\u00e0 l\u2019optimisation \u00e9nerg\u00e9tique de nos installations<\/p>\n\n<h2 class=\"wp-block-heading\"><h3><b>\u00c9nergie solaire : s\u2019engager pour l\u2019autoconsommation<\/b><\/h3><\/h2>\n\n<p><span style=\"font-weight: 400;\">En 2023 nous avons install\u00e9 un <\/span><b>syst\u00e8me de panneaux solaires photovolta\u00efques<\/b><span style=\"font-weight: 400;\"> dans notre si\u00e8ge d\u2019Oy\u00f3n dans le but de produire de l\u2019\u00e9nergie propre et de r\u00e9duire notre empreinte carbone. Cette initiative contribue non seulement \u00e0 la protection de l\u2019environnement, mais am\u00e9liore \u00e9galement l\u2019efficacit\u00e9 op\u00e9rationnelle, ce qui se traduit par des produits de meilleure qualit\u00e9 et un meilleur service pour nos clients.<\/span><\/p>\n\n<h2 class=\"wp-block-heading\"><h3><b>Optimisation des d\u00e9chets : encres et emballages plus durables<\/b><\/h3><\/h2>\n\n<p><span style=\"font-weight: 400;\">Une autre \u00e9tape importante de notre engagement en faveur de la durabilit\u00e9 a \u00e9t\u00e9 la mise en place d\u2019un nouveau proc\u00e9d\u00e9 de distribution des encres. Ce syst\u00e8me utilise des <\/span><b>grands f\u00fbts avec pompes de distribution<\/b><span style=\"font-weight: 400;\">, ce qui r\u00e9duit consid\u00e9rablement la consommation de petits contenants et la production de d\u00e9chets. De plus, nous avons augment\u00e9 l\u2019utilisation de <\/span><b>papiers recycl\u00e9s<\/b><span style=\"font-weight: 400;\"> dans la production de nos \u00e9tiquettes, contribuant ainsi \u00e0 l\u2019\u00e9conomie circulaire et r\u00e9duisant la demande de ressources vierges.<\/span><\/p>\n\n<h2 class=\"wp-block-heading\"><h3><b>Innovation constante : vers un avenir plus vert<\/b><\/h3><\/h2>\n\n<p><span style=\"font-weight: 400;\">En 2024 nous avons consacr\u00e9 <\/span><b>5 millions d\u2019euros<\/b><span style=\"font-weight: 400;\"> \u00e0 l\u2019acquisition de nouvelles machines et \u00e0 la r\u00e9organisation de nos op\u00e9rations, consolidant notre position de leader dans la production d\u2019\u00e9tiquettes autocollantes. Cet investissement am\u00e9liore non seulement l\u2019efficacit\u00e9 et la productivit\u00e9, mais renforce \u00e9galement notre engagement envers la durabilit\u00e9 et la protection de l\u2019environnement.<\/span><\/p>\n\n<h2 class=\"wp-block-heading\"><h3><b>Engagement envers la soci\u00e9t\u00e9 et l\u2019environnement<\/b><\/h3><\/h2>\n\n<p>Chez Grupo Argraf nous estimons que l\u2019am\u00e9lioration et l\u2019innovation continues doivent \u00eatre accompagn\u00e9es de forts investissements et d\u2019un engagement d\u00e9termin\u00e9 en faveur de la durabilit\u00e9. Nous voulons cr\u00e9er une valeur positive et laisser un monde meilleur aux g\u00e9n\u00e9rations futures, c\u2019est pourquoi nous sommes pleinement engag\u00e9s envers la soci\u00e9t\u00e9 et l\u2019environnement.<\/p>\n<div class=\"wp-block-image\">\n<figure class=\"aligncenter size-full\"><img decoding=\"async\" src=\"https:\/\/www.grupoargraf.com\/wp-content\/uploads\/2025\/09\/ARGRAF-arti&#x301;culo-placas-solares-2.png\" alt=\"\" class=\"wp-image-9140\"\/><\/figure>\n<\/div>","protected":false},"excerpt":{"rendered":"<p>Chez Grupo Argraf nous comprenons que la durabilit\u00e9 n\u2019est pas seulement une tendance, mais une responsabilit\u00e9 que nous assumons avec chaque \u00e9tiquette que nous produisons. C\u2019est pourquoi nous avons int\u00e9gr\u00e9 des pratiques \u00e9cologiques dans tous nos processus, depuis le choix des mat\u00e9riaux jusqu\u2019\u00e0 l\u2019optimisation \u00e9nerg\u00e9tique de nos installations \u00c9nergie solaire : s\u2019engager pour l\u2019autoconsommation En&hellip;<\/p>\n","protected":false},"author":2,"featured_media":9139,"comment_status":"closed","ping_status":"closed","sticky":false,"template":"","format":"standard","meta":{"_acf_changed":false,"footnotes":""},"categories":[245],"tags":[],"yst_prominent_words":[],"class_list":["post-9150","post","type-post","status-publish","format-standard","has-post-thumbnail","hentry","category-nouvelles","category-245","description-off"],"acf":[],"_links":{"self":[{"href":"https:\/\/www.grupoargraf.com\/fr\/wp-json\/wp\/v2\/posts\/9150","targetHints":{"allow":["GET"]}}],"collection":[{"href":"https:\/\/www.grupoargraf.com\/fr\/wp-json\/wp\/v2\/posts"}],"about":[{"href":"https:\/\/www.grupoargraf.com\/fr\/wp-json\/wp\/v2\/types\/post"}],"author":[{"embeddable":true,"href":"https:\/\/www.grupoargraf.com\/fr\/wp-json\/wp\/v2\/users\/2"}],"replies":[{"embeddable":true,"href":"https:\/\/www.grupoargraf.com\/fr\/wp-json\/wp\/v2\/comments?post=9150"}],"version-history":[{"count":2,"href":"https:\/\/www.grupoargraf.com\/fr\/wp-json\/wp\/v2\/posts\/9150\/revisions"}],"predecessor-version":[{"id":9157,"href":"https:\/\/www.grupoargraf.com\/fr\/wp-json\/wp\/v2\/posts\/9150\/revisions\/9157"}],"wp:featuredmedia":[{"embeddable":true,"href":"https:\/\/www.grupoargraf.com\/fr\/wp-json\/wp\/v2\/media\/9139"}],"wp:attachment":[{"href":"https:\/\/www.grupoargraf.com\/fr\/wp-json\/wp\/v2\/media?parent=9150"}],"wp:term":[{"taxonomy":"category","embeddable":true,"href":"https:\/\/www.grupoargraf.com\/fr\/wp-json\/wp\/v2\/categories?post=9150"},{"taxonomy":"post_tag","embeddable":true,"href":"https:\/\/www.grupoargraf.com\/fr\/wp-json\/wp\/v2\/tags?post=9150"},{"taxonomy":"yst_prominent_words","embeddable":true,"href":"https:\/\/www.grupoargraf.com\/fr\/wp-json\/wp\/v2\/yst_prominent_words?post=9150"}],"curies":[{"name":"wp","href":"https:\/\/api.w.org\/{rel}","templated":true}]}}