{"id":8356,"date":"2025-04-02T11:18:16","date_gmt":"2025-04-02T09:18:16","guid":{"rendered":"https:\/\/www.grupoargraf.com\/argraf-apoya-nueva-anada-bodegas-familiares-rioja\/"},"modified":"2025-04-02T11:49:35","modified_gmt":"2025-04-02T09:49:35","slug":"argraf-support-new-addition-family-owned-wineries-rioja","status":"publish","type":"post","link":"https:\/\/www.grupoargraf.com\/fr\/argraf-support-new-addition-family-owned-wineries-rioja\/","title":{"rendered":"Argraf soutient la pr\u00e9sentation du nouveau mill\u00e9sime 2024 de l&rsquo;Association des caves familiales de la Rioja"},"content":{"rendered":"\n<p>Lundi 1er avril, la pr\u00e9sentation du nouveau mill\u00e9sime de <strong>l&rsquo;Association des caves familiales de la Rioja<\/strong> a eu lieu \u00e0 Logro\u00f1o. Cet \u00e9v\u00e9nement a rassembl\u00e9 <strong>54 caves familiales<\/strong> qui ont pr\u00e9sent\u00e9 les vins de leur dernier mill\u00e9sime, \u00e9labor\u00e9s dans les petites villes de la r\u00e9gion, refl\u00e9tant ainsi la diversit\u00e9 et l&rsquo;authenticit\u00e9 de la Rioja. Au cours de la journ\u00e9e, des centaines de professionnels du secteur et de passionn\u00e9s ont parcouru les diff\u00e9rents espaces de d\u00e9gustation du restaurant Delicatto, prenant des notes et d\u00e9couvrant les derniers vins de chaque cave.<\/p>\n\n<p>Le <strong>Grupo Argraf<\/strong> s&rsquo;engage depuis des d\u00e9cennies en faveur de la qualit\u00e9 et de l&rsquo;innovation dans le domaine de l&rsquo;\u00e9tiquetage du vin. En tant que leaders dans ce secteur, nous soutenons des initiatives telles que <strong>l&rsquo;Association des caves familiales de la Rioja<\/strong>, r\u00e9affirmant ainsi notre r\u00f4le cl\u00e9 dans la promotion et le d\u00e9veloppement du secteur vitivinicole.<\/p>\n\n<h2 class=\"wp-block-heading\"><strong>II Prix Argraf du meilleur sommelier de l&rsquo;autre Rioja<\/strong><\/h2>\n\n<p>L&rsquo;un des moments les plus passionnants de la journ\u00e9e a \u00e9t\u00e9 la c\u00e9l\u00e9bration de la deuxi\u00e8me \u00e9dition du <strong>prix Argraf du meilleur sommelier de l&rsquo;autre Rioja<\/strong>, un concours qui reconna\u00eet le talent et la comp\u00e9tence des sommeliers qui travaillent avec les vins de notre terre.<\/p>\n\n<p>\u00c0 cette occasion, le <strong>premier prix<\/strong>, d&rsquo;une valeur de <strong>3 000 euros<\/strong>, a \u00e9t\u00e9 d\u00e9cern\u00e9 \u00e0 <strong>Iv\u00e1n S\u00e1nchez<\/strong>, sommelier au restaurant deux \u00e9toiles Michelin Venta Moncalvillo, qui a battu 50 concurrents \u00e0 l&rsquo;issue d&rsquo;une finale tr\u00e8s disput\u00e9e au cours de laquelle les participants ont d\u00e9gust\u00e9 sept vins \u00e0 l&rsquo;aveugle et ont d\u00e9montr\u00e9 leur connaissance des r\u00e9gions, des vari\u00e9t\u00e9s et des \u00e9laborations de la Rioja.<\/p>\n\n<p>Le <strong>deuxi\u00e8me prix<\/strong>, d&rsquo;une valeur de <strong>1 000 euros<\/strong>, a \u00e9t\u00e9 attribu\u00e9 \u00e0 <strong>Ram\u00f3n Gonz\u00e1lez<\/strong>, de la Tienda de Vinos Matamorosa (Cantabrie). En outre, deux <strong>accessits de 500 euros<\/strong> chacun ont \u00e9t\u00e9 attribu\u00e9s \u00e0 <strong>Mar\u00eda Mill\u00e1n Bezares<\/strong>, de l&rsquo;h\u00f4tel Silken Villa de Laguardia (\u00c1lava), et \u00e0 <strong>Rub\u00e9n Jim\u00e9nez<\/strong>, du restaurant El Charro (La Rioja).<\/p>\n\n<h2 class=\"wp-block-heading\"><strong>Engagement dans le secteur vitivinicole<\/strong><\/h2>\n\n<p>Au sein du <strong>Grupo Argraf<\/strong>, nous encourageons et parrainons les initiatives qui mettent en valeur le travail des petites et moyennes caves, en veillant \u00e0 ce que le vin de la Rioja et ses protagonistes re\u00e7oivent la reconnaissance qu&rsquo;ils m\u00e9ritent. En outre, nous avons imprim\u00e9 une grande partie des \u00e9tiquettes des r\u00e9f\u00e9rences pr\u00e9sent\u00e9es lors de l&rsquo;\u00e9v\u00e9nement, ce qui nous a permis de participer au processus de cr\u00e9ation et de qualit\u00e9 qui distingue les vins de la r\u00e9gion. Nous savons qu&rsquo;une \u00e9tiquette est bien plus qu&rsquo;une image : c&rsquo;est une histoire, une identit\u00e9 et le reflet de la passion de ceux qui se cachent derri\u00e8re chaque bouteille.<\/p>\n\n<p>Nous souhaitons f\u00e9liciter tous les participants et les laur\u00e9ats de cette \u00e9dition et r\u00e9affirmer notre engagement en faveur de l&rsquo;excellence dans le monde du vin. Nous continuerons \u00e0 soutenir les initiatives qui, comme celle-ci, c\u00e9l\u00e8brent la tradition, l&rsquo;innovation et le talent qui d\u00e9finissent la Rioja.<\/p>\n<div class=\"wp-block-image\">\n<figure class=\"aligncenter size-large\"><img loading=\"lazy\" decoding=\"async\" width=\"1024\" height=\"623\" src=\"https:\/\/www.grupoargraf.com\/wp-content\/uploads\/2025\/04\/ARGRAF-Bodegas-Familiares-3-1024x623.png\" alt=\"\" class=\"wp-image-8349\" srcset=\"https:\/\/www.grupoargraf.com\/wp-content\/uploads\/2025\/04\/ARGRAF-Bodegas-Familiares-3-1024x623.png 1024w, https:\/\/www.grupoargraf.com\/wp-content\/uploads\/2025\/04\/ARGRAF-Bodegas-Familiares-3-300x182.png 300w, https:\/\/www.grupoargraf.com\/wp-content\/uploads\/2025\/04\/ARGRAF-Bodegas-Familiares-3-768x467.png 768w, https:\/\/www.grupoargraf.com\/wp-content\/uploads\/2025\/04\/ARGRAF-Bodegas-Familiares-3.png 1500w\" sizes=\"auto, (max-width: 1024px) 100vw, 1024px\" \/><\/figure><\/div><div class=\"wp-block-image\">\n<figure class=\"aligncenter size-large\"><img loading=\"lazy\" decoding=\"async\" width=\"1024\" height=\"623\" src=\"https:\/\/www.grupoargraf.com\/wp-content\/uploads\/2025\/04\/ARGRAF-Bodegas-Familiares-2-1024x623.png\" alt=\"\" class=\"wp-image-8345\" srcset=\"https:\/\/www.grupoargraf.com\/wp-content\/uploads\/2025\/04\/ARGRAF-Bodegas-Familiares-2-1024x623.png 1024w, https:\/\/www.grupoargraf.com\/wp-content\/uploads\/2025\/04\/ARGRAF-Bodegas-Familiares-2-300x182.png 300w, https:\/\/www.grupoargraf.com\/wp-content\/uploads\/2025\/04\/ARGRAF-Bodegas-Familiares-2-768x467.png 768w, https:\/\/www.grupoargraf.com\/wp-content\/uploads\/2025\/04\/ARGRAF-Bodegas-Familiares-2.png 1500w\" sizes=\"auto, (max-width: 1024px) 100vw, 1024px\" \/><\/figure><\/div>","protected":false},"excerpt":{"rendered":"<p>Lundi 1er avril, la pr\u00e9sentation du nouveau mill\u00e9sime de l&rsquo;Association des caves familiales de la Rioja a eu lieu \u00e0 Logro\u00f1o. Cet \u00e9v\u00e9nement a rassembl\u00e9 54 caves familiales qui ont pr\u00e9sent\u00e9 les vins de leur dernier mill\u00e9sime, \u00e9labor\u00e9s dans les petites villes de la r\u00e9gion, refl\u00e9tant ainsi la diversit\u00e9 et l&rsquo;authenticit\u00e9 de la Rioja. Au&hellip;<\/p>\n","protected":false},"author":2,"featured_media":8344,"comment_status":"closed","ping_status":"closed","sticky":false,"template":"","format":"standard","meta":{"_acf_changed":false,"footnotes":""},"categories":[255,245],"tags":[],"yst_prominent_words":[],"class_list":["post-8356","post","type-post","status-publish","format-standard","has-post-thumbnail","hentry","category-argraf-dans-les-medias","category-nouvelles","category-255","category-245","description-off"],"acf":[],"_links":{"self":[{"href":"https:\/\/www.grupoargraf.com\/fr\/wp-json\/wp\/v2\/posts\/8356","targetHints":{"allow":["GET"]}}],"collection":[{"href":"https:\/\/www.grupoargraf.com\/fr\/wp-json\/wp\/v2\/posts"}],"about":[{"href":"https:\/\/www.grupoargraf.com\/fr\/wp-json\/wp\/v2\/types\/post"}],"author":[{"embeddable":true,"href":"https:\/\/www.grupoargraf.com\/fr\/wp-json\/wp\/v2\/users\/2"}],"replies":[{"embeddable":true,"href":"https:\/\/www.grupoargraf.com\/fr\/wp-json\/wp\/v2\/comments?post=8356"}],"version-history":[{"count":3,"href":"https:\/\/www.grupoargraf.com\/fr\/wp-json\/wp\/v2\/posts\/8356\/revisions"}],"predecessor-version":[{"id":8364,"href":"https:\/\/www.grupoargraf.com\/fr\/wp-json\/wp\/v2\/posts\/8356\/revisions\/8364"}],"wp:featuredmedia":[{"embeddable":true,"href":"https:\/\/www.grupoargraf.com\/fr\/wp-json\/wp\/v2\/media\/8344"}],"wp:attachment":[{"href":"https:\/\/www.grupoargraf.com\/fr\/wp-json\/wp\/v2\/media?parent=8356"}],"wp:term":[{"taxonomy":"category","embeddable":true,"href":"https:\/\/www.grupoargraf.com\/fr\/wp-json\/wp\/v2\/categories?post=8356"},{"taxonomy":"post_tag","embeddable":true,"href":"https:\/\/www.grupoargraf.com\/fr\/wp-json\/wp\/v2\/tags?post=8356"},{"taxonomy":"yst_prominent_words","embeddable":true,"href":"https:\/\/www.grupoargraf.com\/fr\/wp-json\/wp\/v2\/yst_prominent_words?post=8356"}],"curies":[{"name":"wp","href":"https:\/\/api.w.org\/{rel}","templated":true}]}}