{"id":8279,"date":"2025-03-27T09:00:34","date_gmt":"2025-03-27T08:00:34","guid":{"rendered":"https:\/\/www.grupoargraf.com\/nouvelles\/sin-limites-a-tu-creatividad-2024un-encuentro-para-inspirar-conectar-y-disfrutar\/"},"modified":"2025-03-27T09:09:59","modified_gmt":"2025-03-27T08:09:59","slug":"sin-limites-a-tu-creatividad-2024-une-rencontre-pour-inspirer-connecter-et-jouir","status":"publish","type":"post","link":"https:\/\/www.grupoargraf.com\/fr\/sin-limites-a-tu-creatividad-2024-une-rencontre-pour-inspirer-connecter-et-jouir\/","title":{"rendered":"Sin L\u00edmites a Tu Creatividad 2024: Une rencontre pour s&rsquo;inspirer, se connecter et s&rsquo;amuser"},"content":{"rendered":"\r\n\r\nLa cr\u00e9ativit\u00e9 n&rsquo;a pas de limites, et dans le monde du design et des arts graphiques, ce principe prend vie chaque ann\u00e9e lors de l&rsquo;\u00e9v\u00e9nement No Limits to Your Creativity. Organis\u00e9 par Argraf, cet \u00e9v\u00e9nement est bien plus qu&rsquo;une simple manifestation : c&rsquo;est l&rsquo;occasion de nouer des liens, de d\u00e9couvrir de nouvelles tendances et, surtout, d&rsquo;appr\u00e9cier le processus cr\u00e9atif. Chez Argraf, notre principal objectif est que tous les participants s&rsquo;amusent, cr\u00e9ent de nouvelles relations et emportent des souvenirs qui font la diff\u00e9rence.\r\n\r\n\r\n\r\n\r\n<h2 class=\"wp-block-heading\">Plus que des pr\u00e9sentations : \u00e9tablir des relations et des partenariats<\/h2>\r\n\r\n\r\n\r\n\r\nMiguel \u00c1ngel Torroba, directeur en Catalogne, souligne que l&rsquo;une des plus grandes valeurs de cet \u00e9v\u00e9nement r\u00e9side dans les relations et les opportunit\u00e9s de collaboration qui se cr\u00e9ent entre les participants. Cependant, chez Argraf, nous savons que la cl\u00e9 du succ\u00e8s d&rsquo;un tel \u00e9v\u00e9nement est de cr\u00e9er un environnement o\u00f9 la cr\u00e9ativit\u00e9 et le plaisir vont de pair. Les opportunit\u00e9s de collaboration se pr\u00e9sentent naturellement lorsque chacun se sent \u00e0 l&rsquo;aise et appr\u00e9cie l&rsquo;exp\u00e9rience, cr\u00e9ant ainsi des liens qui vont au-del\u00e0 des pr\u00e9sentations.\r\n\r\n\r\n\r\n<div class=\"wp-block-image\">\r\n<figure class=\"aligncenter size-large is-resized\"><img loading=\"lazy\" decoding=\"async\" width=\"1024\" height=\"623\" class=\"wp-image-8256\" style=\"width: 679px; height: auto;\" src=\"http:\/\/www.grupoargraf.com\/wp-content\/uploads\/2025\/03\/Miguel-Angel-Torroba-Grupo-Argraf-1024x623.png\" alt=\"\" srcset=\"https:\/\/www.grupoargraf.com\/wp-content\/uploads\/2025\/03\/Miguel-Angel-Torroba-Grupo-Argraf-1024x623.png 1024w, https:\/\/www.grupoargraf.com\/wp-content\/uploads\/2025\/03\/Miguel-Angel-Torroba-Grupo-Argraf-300x182.png 300w, https:\/\/www.grupoargraf.com\/wp-content\/uploads\/2025\/03\/Miguel-Angel-Torroba-Grupo-Argraf-768x467.png 768w, https:\/\/www.grupoargraf.com\/wp-content\/uploads\/2025\/03\/Miguel-Angel-Torroba-Grupo-Argraf.png 1500w\" sizes=\"auto, (max-width: 1024px) 100vw, 1024px\" \/><\/figure>\r\n<\/div>\r\n\r\n\r\n<h2 class=\"wp-block-heading\">Une rencontre au-del\u00e0 de la concurrence<\/h2>\r\n\r\n\r\n\r\n\r\nComme le dit Pep Badia, de Morillas Branding, cet \u00e9v\u00e9nement ne vise pas seulement \u00e0 montrer le meilleur de la cr\u00e9ativit\u00e9, mais aussi \u00e0 cr\u00e9er un espace o\u00f9 la comp\u00e9tition est rel\u00e9gu\u00e9e au second plan. Argraf s&rsquo;attache \u00e0 ce que les participants se sentent \u00e0 l&rsquo;aise, collaborent et s&rsquo;amusent, \u00e9changent des id\u00e9es et vivent l&rsquo;exp\u00e9rience dans un environnement d\u00e9tendu et enrichissant. Les conf\u00e9rences inspirantes et les activit\u00e9s propos\u00e9es sont con\u00e7ues de mani\u00e8re \u00e0 ce que les participants ne se contentent pas d&rsquo;apprendre, mais qu&rsquo;ils s&rsquo;amusent aussi.\r\n\r\n\r\n\r\n<div class=\"wp-block-image\">\r\n<figure class=\"aligncenter size-large is-resized\"><img loading=\"lazy\" decoding=\"async\" width=\"1024\" height=\"623\" class=\"wp-image-8260\" style=\"width: 679px; height: auto;\" src=\"http:\/\/www.grupoargraf.com\/wp-content\/uploads\/2025\/03\/Pep-Badia-Morilla-1024x623.png\" alt=\"\" srcset=\"https:\/\/www.grupoargraf.com\/wp-content\/uploads\/2025\/03\/Pep-Badia-Morilla-1024x623.png 1024w, https:\/\/www.grupoargraf.com\/wp-content\/uploads\/2025\/03\/Pep-Badia-Morilla-300x182.png 300w, https:\/\/www.grupoargraf.com\/wp-content\/uploads\/2025\/03\/Pep-Badia-Morilla-768x467.png 768w, https:\/\/www.grupoargraf.com\/wp-content\/uploads\/2025\/03\/Pep-Badia-Morilla.png 1500w\" sizes=\"auto, (max-width: 1024px) 100vw, 1024px\" \/><\/figure>\r\n<\/div>\r\n\r\n\r\n\r\n&nbsp;\r\n\r\n\r\n\r\n\r\n<h2 class=\"wp-block-heading\">Se connecter, s&rsquo;inspirer et s&rsquo;amuser<\/h2>\r\n\r\n\r\n\r\n\r\nPour Pablo Guerrero, de l&rsquo;Estudio Pablo Guerrero, Sin L\u00edmites a Tu Creatividad est l&rsquo;occasion parfaite de se d\u00e9connecter de la routine et de se connecter avec d&rsquo;autres professionnels du secteur. L&rsquo;\u00e9v\u00e9nement permet de d\u00e9couvrir les derni\u00e8res tendances, d&rsquo;exp\u00e9rimenter de nouvelles id\u00e9es et de s&rsquo;immerger dans le monde de la cr\u00e9ation d&rsquo;\u00e9tiquettes, le tout dans un environnement o\u00f9 le plaisir et la collaboration sont aussi essentiels que l&rsquo;inspiration.\r\n\r\n\r\n\r\n<div class=\"wp-block-image\">\r\n<figure class=\"aligncenter size-large is-resized\"><img loading=\"lazy\" decoding=\"async\" width=\"1024\" height=\"623\" class=\"wp-image-8264\" style=\"width: 679px; height: auto;\" src=\"http:\/\/www.grupoargraf.com\/wp-content\/uploads\/2025\/03\/Pablo-Guerrero-Estudio-Pablo-Guerrero-1024x623.png\" alt=\"\" srcset=\"https:\/\/www.grupoargraf.com\/wp-content\/uploads\/2025\/03\/Pablo-Guerrero-Estudio-Pablo-Guerrero-1024x623.png 1024w, https:\/\/www.grupoargraf.com\/wp-content\/uploads\/2025\/03\/Pablo-Guerrero-Estudio-Pablo-Guerrero-300x182.png 300w, https:\/\/www.grupoargraf.com\/wp-content\/uploads\/2025\/03\/Pablo-Guerrero-Estudio-Pablo-Guerrero-768x467.png 768w, https:\/\/www.grupoargraf.com\/wp-content\/uploads\/2025\/03\/Pablo-Guerrero-Estudio-Pablo-Guerrero.png 1500w\" sizes=\"auto, (max-width: 1024px) 100vw, 1024px\" \/><\/figure>\r\n<\/div>\r\n\r\n\r\n\r\n&nbsp;\r\n\r\n\r\n\r\n\r\n<h2 class=\"wp-block-heading\">La conception des \u00e9tiquettes en constante \u00e9volution<\/h2>\r\n\r\n\r\n\r\n\r\nLe monde de la conception d&rsquo;\u00e9tiquettes est en constante \u00e9volution et, lors de cet \u00e9v\u00e9nement, les concepteurs ont l&rsquo;occasion de se tenir au courant des derni\u00e8res tendances. Miguel \u00c1ngel del Ba\u00f1o \u00c1lvarez, fondateur et directeur cr\u00e9atif d&rsquo;Estudio Maba, souligne que l&rsquo;\u00e9v\u00e9nement est le sc\u00e9nario id\u00e9al pour explorer des mat\u00e9riaux innovants, rencontrer d&rsquo;autres professionnels du secteur et \u00e9largir le r\u00e9seau de contacts. Cependant, ce qui fait vraiment la diff\u00e9rence, c&rsquo;est l&rsquo;atmosph\u00e8re d\u00e9tendue et amusante qu&rsquo;Argraf promeut et qui permet de lib\u00e9rer la cr\u00e9ativit\u00e9 tout en profitant de l&rsquo;\u00e9v\u00e9nement.\r\n\r\n\r\n\r\n<div class=\"wp-block-image\">\r\n<figure class=\"aligncenter size-large is-resized\"><img loading=\"lazy\" decoding=\"async\" width=\"1024\" height=\"623\" class=\"wp-image-8268\" style=\"width: 679px; height: auto;\" src=\"http:\/\/www.grupoargraf.com\/wp-content\/uploads\/2025\/03\/Miguel-Angel-del-Bano-Alvarez-Estudio-MABA-1024x623.png\" alt=\"\" srcset=\"https:\/\/www.grupoargraf.com\/wp-content\/uploads\/2025\/03\/Miguel-Angel-del-Bano-Alvarez-Estudio-MABA-1024x623.png 1024w, https:\/\/www.grupoargraf.com\/wp-content\/uploads\/2025\/03\/Miguel-Angel-del-Bano-Alvarez-Estudio-MABA-300x182.png 300w, https:\/\/www.grupoargraf.com\/wp-content\/uploads\/2025\/03\/Miguel-Angel-del-Bano-Alvarez-Estudio-MABA-768x467.png 768w, https:\/\/www.grupoargraf.com\/wp-content\/uploads\/2025\/03\/Miguel-Angel-del-Bano-Alvarez-Estudio-MABA.png 1500w\" sizes=\"auto, (max-width: 1024px) 100vw, 1024px\" \/><\/figure>\r\n<\/div>\r\n\r\n\r\n\r\n&nbsp;\r\n\r\n\r\n\r\n\r\n<h2 class=\"wp-block-heading\">Un avenir sans limites<\/h2>\r\n\r\n\r\n\r\n\r\nNous pensons que la cr\u00e9ativit\u00e9 n&rsquo;a pas de limites, et chaque \u00e9dition de cet \u00e9v\u00e9nement le prouve. Il ne s&rsquo;agit pas seulement de stimuler l&rsquo;innovation et l&rsquo;apprentissage, mais aussi de faire en sorte que chaque participant vive une exp\u00e9rience m\u00e9morable. Chez Argraf, nous nous engageons \u00e0 cr\u00e9er des moments uniques, o\u00f9 le plaisir et la cr\u00e9ativit\u00e9 fusionnent pour construire une communaut\u00e9 plus forte et unie, pleine de possibilit\u00e9s. Rendez-vous \u00e0 la prochaine \u00e9dition !\r\n\r\n\r\n\r\n\r\n\r\n","protected":false},"excerpt":{"rendered":"<p>La cr\u00e9ativit\u00e9 n&rsquo;a pas de limites, et dans le monde du design et des arts graphiques, ce principe prend vie chaque ann\u00e9e lors de l&rsquo;\u00e9v\u00e9nement No Limits to Your Creativity. Organis\u00e9 par Argraf, cet \u00e9v\u00e9nement est bien plus qu&rsquo;une simple manifestation : c&rsquo;est l&rsquo;occasion de nouer des liens, de d\u00e9couvrir de nouvelles tendances et, surtout,&hellip;<\/p>\n","protected":false},"author":2,"featured_media":8275,"comment_status":"closed","ping_status":"closed","sticky":false,"template":"","format":"standard","meta":{"_acf_changed":false,"footnotes":""},"categories":[255,250],"tags":[253,62],"yst_prominent_words":[],"class_list":["post-8279","post","type-post","status-publish","format-standard","has-post-thumbnail","hentry","category-argraf-dans-les-medias","category-entretiens","tag-sans-limites-a-votre-creativite","tag-sin-limites-a-tu-creatividad","category-255","category-250","description-off"],"acf":[],"_links":{"self":[{"href":"https:\/\/www.grupoargraf.com\/fr\/wp-json\/wp\/v2\/posts\/8279","targetHints":{"allow":["GET"]}}],"collection":[{"href":"https:\/\/www.grupoargraf.com\/fr\/wp-json\/wp\/v2\/posts"}],"about":[{"href":"https:\/\/www.grupoargraf.com\/fr\/wp-json\/wp\/v2\/types\/post"}],"author":[{"embeddable":true,"href":"https:\/\/www.grupoargraf.com\/fr\/wp-json\/wp\/v2\/users\/2"}],"replies":[{"embeddable":true,"href":"https:\/\/www.grupoargraf.com\/fr\/wp-json\/wp\/v2\/comments?post=8279"}],"version-history":[{"count":0,"href":"https:\/\/www.grupoargraf.com\/fr\/wp-json\/wp\/v2\/posts\/8279\/revisions"}],"wp:featuredmedia":[{"embeddable":true,"href":"https:\/\/www.grupoargraf.com\/fr\/wp-json\/wp\/v2\/media\/8275"}],"wp:attachment":[{"href":"https:\/\/www.grupoargraf.com\/fr\/wp-json\/wp\/v2\/media?parent=8279"}],"wp:term":[{"taxonomy":"category","embeddable":true,"href":"https:\/\/www.grupoargraf.com\/fr\/wp-json\/wp\/v2\/categories?post=8279"},{"taxonomy":"post_tag","embeddable":true,"href":"https:\/\/www.grupoargraf.com\/fr\/wp-json\/wp\/v2\/tags?post=8279"},{"taxonomy":"yst_prominent_words","embeddable":true,"href":"https:\/\/www.grupoargraf.com\/fr\/wp-json\/wp\/v2\/yst_prominent_words?post=8279"}],"curies":[{"name":"wp","href":"https:\/\/api.w.org\/{rel}","templated":true}]}}