{"id":813,"date":"2018-10-09T19:15:04","date_gmt":"2018-10-09T17:15:04","guid":{"rendered":"https:\/\/www.grupoargraf.com\/2018\/10\/09\/grupo-argraf-sin-limites-a-tu-creatividad\/"},"modified":"2024-03-03T11:50:36","modified_gmt":"2024-03-03T10:50:36","slug":"groupe-argraf-pas-de-limites-a-votre-creativite","status":"publish","type":"post","link":"https:\/\/www.grupoargraf.com\/fr\/groupe-argraf-pas-de-limites-a-votre-creativite\/","title":{"rendered":"Groupe Argraf : Pas de limites \u00e0 votre cr\u00e9ativit\u00e9 !"},"content":{"rendered":"\n<figure class=\"wp-block-image alignwide\"><img loading=\"lazy\" decoding=\"async\" width=\"472\" height=\"354\" src=\"https:\/\/www.grupoargraf.com\/wp-content\/uploads\/2019\/10\/grupo-argraf-sin-limites-a-tu-creatividad_A.jpg\" alt=\"\" class=\"wp-image-47\" srcset=\"https:\/\/www.grupoargraf.com\/wp-content\/uploads\/2019\/10\/grupo-argraf-sin-limites-a-tu-creatividad_A.jpg 472w, https:\/\/www.grupoargraf.com\/wp-content\/uploads\/2019\/10\/grupo-argraf-sin-limites-a-tu-creatividad_A-300x225.jpg 300w\" sizes=\"auto, (max-width: 472px) 100vw, 472px\" \/><\/figure>\n<p><strong>Logro\u00f1o, 4 de octubre de 2018.- <\/strong>Madrid,  Barcelona, Valencia, Burdeos\u2026y un denominador com\u00fan: Grupo Argraf. La  empresa l\u00edder en impresi\u00f3n de etiquetas impulsa el primer encuentro  internacional de dise\u00f1adores que ha tenido lugar los d\u00edas 3 y 4 de  octubre en Logro\u00f1o. Ha reunido a m\u00e1s de veinte expertos de diferentes  ciudades espa\u00f1olas e incluso ha traspasado fronteras con la presencia de  dise\u00f1adores franceses.<\/p>\n\n<p>Pensar en la etiqueta requiere tiempo y \nreflexi\u00f3n. Es la primera imagen que el cliente se lleva del producto, es\n la gran vendedora silenciosa que nace del talento y la creatividad de \nestos grandes dise\u00f1adores.<\/p>\n\n<p>El talento, ese combustible infinito \nque mueve el mundo y que en ocasiones lleva a dise\u00f1ar etiquetas que son \nverdaderas obras de arte, exige concentraci\u00f3n. Eso hace que muchas veces\n sus art\u00edfices prefieran trabajar en solitario. Estas jornadas han \npermitido intercambios de experiencias.<\/p>\n\n<p>Bajo el lema \u201cSin l\u00edmites\n a tu creatividad\u201d, Grupo Argraf ha dado a conocer las infinitas \nt\u00e9cnicas de impresi\u00f3n que trabajan en la empresa.<\/p>\n\n<p>Han sido varios\n los escenarios visitados. La primera parada tuvo lugar en Bodegas Campo\n Viejo, donde uno de anfitriones y organizadores del evento, Alberto \nP\u00e9rez, director comercial de Grupo Argraf, explic\u00f3 c\u00f3mo ha ido \nevolucionando el mundo de la etiqueta en todos sus aspectos. \u201cHace \nveinte a\u00f1os las limitaciones de las etiquetas eran totales, est\u00e1bamos \ncondicionados por los papeles, por los tama\u00f1os\u2026afortunadamente esto ha \nido cambiando\u201d y a\u00f1adi\u00f3 en un gui\u00f1o de agradecimiento a los asistentes \nque \u201ceste cambio ha venido en gran parte, por vosotros. Fuisteis los que\n primero lo demandasteis. Hoy estamos aqu\u00ed bajo el lema \u201cSin l\u00edmites a \ntu creatividad\u201d porque nuestros trabajos son complementarios. Vosotros \nnos dec\u00eds qu\u00e9 quer\u00e9is hacer y nosotros os ayudamos en el c\u00f3mo. \nLlegaremos juntos al mismo lugar pero por distinto camino\u201d, concluye.<\/p>\n\n<p>No\n fue el \u00fanico en intervenir. Miguel Garc\u00eda, director de desarrollo de \nnegocio Wine&amp;Spirit de Avery Dennison Iberia habl\u00f3 de los \nincontables tipos de papeles que se pueden utilizar a la hora de \nimprimir las etiquetas, quien a\u00f1adi\u00f3 que \u201cel papel no es solo un soporte\n para el proyecto de dise\u00f1o, sino que debe ser un aporte. Textura, \nresistencia en la vida del producto, sostenibilidad, son detalles que \nmultiplican el resultado final\u201d.<\/p>\n\n<p>Uno de los momentos m\u00e1gicos tuvo\n lugar en la majestuosa sala de barricas de la bodega. Con 70.000 \nbarriles es considerada\u00a0 la m\u00e1s grande e impactante del mundo, algo que \nno dej\u00f3 indiferente a ninguno de los all\u00ed presentes. Y si por algo la \nvan a recordar, adem\u00e1s de por su arquitectura ser\u00e1 por la aparici\u00f3n por \nsorpresa del ilusionista, mentalista y mago Jorge Luengo, que les hizo \nre\u00edr y disfrutar.<\/p>\n\n<p>En su conferencia did\u00e1ctica no faltaron los \njuegos mentales relacionados con las emociones sin olvidar en ning\u00fan \nmomento el lema\u00a0 \u201csin l\u00edmites\u201d, el mismo que ha unido a todos en este \nevento.<\/p>\n\n<p>Unos d\u00edas l\u00fadicos que han servido para afianzar \nrelaciones y en los que se ha demostrado que la primera impresi\u00f3n s\u00ed \nimporta y que tras su \u00e9xito, Grupo Argraf piensa ya en consolidar.<\/p>\n","protected":false},"excerpt":{"rendered":"<p>Logro\u00f1o, 4 de octubre de 2018.- Madrid, Barcelona, Valencia, Burdeos\u2026y un denominador com\u00fan: Grupo Argraf. La empresa l\u00edder en impresi\u00f3n de etiquetas impulsa el primer encuentro internacional de dise\u00f1adores que ha tenido lugar los d\u00edas 3 y 4 de octubre en Logro\u00f1o. Ha reunido a m\u00e1s de veinte expertos de diferentes ciudades espa\u00f1olas e incluso&hellip;<\/p>\n","protected":false},"author":2,"featured_media":814,"comment_status":"closed","ping_status":"closed","sticky":false,"template":"","format":"standard","meta":{"_acf_changed":false,"footnotes":""},"categories":[245],"tags":[],"yst_prominent_words":[],"class_list":["post-813","post","type-post","status-publish","format-standard","has-post-thumbnail","hentry","category-nouvelles","category-245","description-off"],"acf":[],"_links":{"self":[{"href":"https:\/\/www.grupoargraf.com\/fr\/wp-json\/wp\/v2\/posts\/813","targetHints":{"allow":["GET"]}}],"collection":[{"href":"https:\/\/www.grupoargraf.com\/fr\/wp-json\/wp\/v2\/posts"}],"about":[{"href":"https:\/\/www.grupoargraf.com\/fr\/wp-json\/wp\/v2\/types\/post"}],"author":[{"embeddable":true,"href":"https:\/\/www.grupoargraf.com\/fr\/wp-json\/wp\/v2\/users\/2"}],"replies":[{"embeddable":true,"href":"https:\/\/www.grupoargraf.com\/fr\/wp-json\/wp\/v2\/comments?post=813"}],"version-history":[{"count":0,"href":"https:\/\/www.grupoargraf.com\/fr\/wp-json\/wp\/v2\/posts\/813\/revisions"}],"wp:featuredmedia":[{"embeddable":true,"href":"https:\/\/www.grupoargraf.com\/fr\/wp-json\/wp\/v2\/media\/814"}],"wp:attachment":[{"href":"https:\/\/www.grupoargraf.com\/fr\/wp-json\/wp\/v2\/media?parent=813"}],"wp:term":[{"taxonomy":"category","embeddable":true,"href":"https:\/\/www.grupoargraf.com\/fr\/wp-json\/wp\/v2\/categories?post=813"},{"taxonomy":"post_tag","embeddable":true,"href":"https:\/\/www.grupoargraf.com\/fr\/wp-json\/wp\/v2\/tags?post=813"},{"taxonomy":"yst_prominent_words","embeddable":true,"href":"https:\/\/www.grupoargraf.com\/fr\/wp-json\/wp\/v2\/yst_prominent_words?post=813"}],"curies":[{"name":"wp","href":"https:\/\/api.w.org\/{rel}","templated":true}]}}