{"id":7049,"date":"2024-03-13T11:38:50","date_gmt":"2024-03-13T10:38:50","guid":{"rendered":"https:\/\/www.grupoargraf.com\/nouvelles\/emma-banuelos-responsable-de-diseno-y-creacion-de-capsulas-en-rivercap-sin-limites-a-tu-creatividad-es-un-punto-de-intercambio-de-ideas-muy-enriquecedor\/"},"modified":"2024-03-13T11:44:51","modified_gmt":"2024-03-13T10:44:51","slug":"emma-banuelos-responsable-de-diseno-y-creacion-de-capsulas-en-rivercap-sin-limites-a-tu-creatividad-es-un-punto-de-intercambio-de-ideas-muy-enriquecedor","status":"publish","type":"post","link":"https:\/\/www.grupoargraf.com\/fr\/emma-banuelos-responsable-de-diseno-y-creacion-de-capsulas-en-rivercap-sin-limites-a-tu-creatividad-es-un-punto-de-intercambio-de-ideas-muy-enriquecedor\/","title":{"rendered":"Emma Ba\u00f1uelos, responsable du design et de la cr\u00e9ation de capsules chez Rivercap : \u00ab\u00a0Sin L\u00edmites a tu Creatividad est un \u00e9change d&rsquo;id\u00e9es tr\u00e8s enrichissant\u00a0\u00bb."},"content":{"rendered":"\n<p>Les capsules sont un autre \u00e9l\u00e9ment de diff\u00e9renciation dans l&#8217;emballage du vin, et trouver celle qui convient le mieux au design imagin\u00e9 est une t\u00e2che que les designers sp\u00e9cialis\u00e9s dans le monde du vin connaissent bien. Emma Ba\u00f1uelos, responsable du design et de la cr\u00e9ation de capsules chez Rivercap, est charg\u00e9e de faire le lien entre les id\u00e9es et les demandes de ces designers et les nouveaux produits que l&rsquo;entreprise lance chaque ann\u00e9e sur le march\u00e9. Il s&rsquo;agit d&rsquo;une experte en la mati\u00e8re dont la pr\u00e9sence a apport\u00e9 beaucoup de valeur \u00e0 la derni\u00e8re \u00e9dition de \u00ab\u00a0Sin L\u00edmites a tu Creatividad\u00a0\u00bb et qui a partag\u00e9 ses impressions de l&rsquo;\u00e9v\u00e9nement avec notre \u00e9quipe.<\/p>\n<div class=\"wp-block-image\">\n<figure class=\"aligncenter size-full\"><img loading=\"lazy\" decoding=\"async\" width=\"824\" height=\"532\" src=\"https:\/\/www.grupoargraf.com\/wp-content\/uploads\/2024\/03\/capsulas.jpg\" alt=\"\" class=\"wp-image-7038\" srcset=\"https:\/\/www.grupoargraf.com\/wp-content\/uploads\/2024\/03\/capsulas.jpg 824w, https:\/\/www.grupoargraf.com\/wp-content\/uploads\/2024\/03\/capsulas-300x194.jpg 300w, https:\/\/www.grupoargraf.com\/wp-content\/uploads\/2024\/03\/capsulas-768x496.jpg 768w\" sizes=\"auto, (max-width: 824px) 100vw, 824px\" \/><\/figure><\/div>\n<p><strong>Como patrocinadores de \u2018Sin L\u00edmites a tu Creatividad\u2019, \u00bfqu\u00e9 cre\u00e9is que es lo m\u00e1s importante que aport\u00e1is a los dise\u00f1adores gr\u00e1ficos con la celebraci\u00f3n de este evento?<\/strong><\/p>\n\n<p>Il est tr\u00e8s important pour nous qu&rsquo;ils sachent ce que nous faisons et qu&rsquo;ils sachent \u00e0 quel point nous sommes disponibles pour \u00eatre au service de la cr\u00e9ativit\u00e9. En fin de compte, les designers sont cr\u00e9atifs, et ce que nous voulons communiquer, c&rsquo;est que nous sommes au service de leur cr\u00e9ativit\u00e9.<\/p>\n\n<p><strong>Y a vosotros, \u00bfqu\u00e9 os aportan estos d\u00edas de contacto directo con profesionales del dise\u00f1o de alto nivel?<\/strong><\/p>\n\n<p>Ils ont parfois des id\u00e9es folles qui ne sont pas toujours faciles \u00e0 mettre en \u0153uvre, mais nous les aimons parce qu&rsquo;ils nous mettent au d\u00e9fi de voir jusqu&rsquo;o\u00f9 nous pouvons aller.<\/p>\n\n<p><strong>\u00bfEs \u2018Sin L\u00edmites a tu Creatividad\u2019 un punto de encuentro en el que detectar las tendencias que vienen en packaging y etiquetado?<\/strong><\/p>\n\n<p>Totalmente, porque aqu\u00ed nacen muchos proyectos de cambio, muchos proyectos de <em>restyling, <\/em>nuevas demandas de los clientes\u2026 Por supuesto ellos nos cuentan en qu\u00e9 est\u00e1n trabajando, y al final es un intercambio muy enriquecedor.<\/p>\n","protected":false},"excerpt":{"rendered":"<p>Les capsules sont un autre \u00e9l\u00e9ment de diff\u00e9renciation dans l&#8217;emballage du vin, et trouver celle qui convient le mieux au design imagin\u00e9 est une t\u00e2che que les designers sp\u00e9cialis\u00e9s dans le monde du vin connaissent bien. Emma Ba\u00f1uelos, responsable du design et de la cr\u00e9ation de capsules chez Rivercap, est charg\u00e9e de faire le lien&hellip;<\/p>\n","protected":false},"author":2,"featured_media":7045,"comment_status":"closed","ping_status":"closed","sticky":false,"template":"","format":"standard","meta":{"_acf_changed":false,"footnotes":""},"categories":[250,245],"tags":[],"yst_prominent_words":[],"class_list":["post-7049","post","type-post","status-publish","format-standard","has-post-thumbnail","hentry","category-entretiens","category-nouvelles","category-250","category-245","description-off"],"acf":[],"_links":{"self":[{"href":"https:\/\/www.grupoargraf.com\/fr\/wp-json\/wp\/v2\/posts\/7049","targetHints":{"allow":["GET"]}}],"collection":[{"href":"https:\/\/www.grupoargraf.com\/fr\/wp-json\/wp\/v2\/posts"}],"about":[{"href":"https:\/\/www.grupoargraf.com\/fr\/wp-json\/wp\/v2\/types\/post"}],"author":[{"embeddable":true,"href":"https:\/\/www.grupoargraf.com\/fr\/wp-json\/wp\/v2\/users\/2"}],"replies":[{"embeddable":true,"href":"https:\/\/www.grupoargraf.com\/fr\/wp-json\/wp\/v2\/comments?post=7049"}],"version-history":[{"count":0,"href":"https:\/\/www.grupoargraf.com\/fr\/wp-json\/wp\/v2\/posts\/7049\/revisions"}],"wp:featuredmedia":[{"embeddable":true,"href":"https:\/\/www.grupoargraf.com\/fr\/wp-json\/wp\/v2\/media\/7045"}],"wp:attachment":[{"href":"https:\/\/www.grupoargraf.com\/fr\/wp-json\/wp\/v2\/media?parent=7049"}],"wp:term":[{"taxonomy":"category","embeddable":true,"href":"https:\/\/www.grupoargraf.com\/fr\/wp-json\/wp\/v2\/categories?post=7049"},{"taxonomy":"post_tag","embeddable":true,"href":"https:\/\/www.grupoargraf.com\/fr\/wp-json\/wp\/v2\/tags?post=7049"},{"taxonomy":"yst_prominent_words","embeddable":true,"href":"https:\/\/www.grupoargraf.com\/fr\/wp-json\/wp\/v2\/yst_prominent_words?post=7049"}],"curies":[{"name":"wp","href":"https:\/\/api.w.org\/{rel}","templated":true}]}}