{"id":5825,"date":"2024-01-31T14:08:35","date_gmt":"2024-01-31T13:08:35","guid":{"rendered":"https:\/\/www.grupoargraf.com\/albert-arque-business-sales-manager-de-comercial-arque-nosotros-proponemos-tendencias-pero-es-el-mercado-el-que-decide-que-materiales-utilizar\/"},"modified":"2024-03-03T15:42:06","modified_gmt":"2024-03-03T14:42:06","slug":"albert-arque-directeur-des-ventes-de-comercial-arque-nous-proposons-des-tendances-mais-cest-le-marche-qui-decide-des-materiaux-a-utiliser","status":"publish","type":"post","link":"https:\/\/www.grupoargraf.com\/fr\/albert-arque-directeur-des-ventes-de-comercial-arque-nous-proposons-des-tendances-mais-cest-le-marche-qui-decide-des-materiaux-a-utiliser\/","title":{"rendered":"Albert Arqu\u00e9, directeur des ventes de Comercial Arqu\u00e9 : \u00ab\u00a0Nous proposons des tendances, mais c&rsquo;est le march\u00e9 qui d\u00e9cide des mat\u00e9riaux \u00e0 utiliser\u00a0\u00bb."},"content":{"rendered":"<div class=\"wpb-content-wrapper\"><p>[vc_row][vc_column][vc_column_text]<\/p>\n<h2>AUCUNE LIMITE \u00c0 VOTRE CR\u00c9ATIVIT\u00c9\u00a0\u00bb BILAN 2023<\/h2>\n<p><strong>Albert Arqu\u00e9, directeur des ventes Comercial Arqu\u00e9<\/strong><\/p>\n<h2><span style=\"color: #030373;\"><strong>\u201cNous proposons des tendances, mais c&rsquo;est le march\u00e9 qui d\u00e9cide des mat\u00e9riaux \u00e0 utiliser.\u201d <\/strong><\/span><\/h2>\n<p>Comercial Arqu\u00e9, leader dans le domaine des fournitures pour la dorure \u00e0 chaud et \u00e0 froid, est l&rsquo;une des entreprises qui a parrain\u00e9 la derni\u00e8re \u00e9dition de \u00ab\u00a0Sin L\u00edmites a tu Creatividad\u00a0\u00bb. Albert Arqu\u00e9 est son Business Sales Manager, et pendant l&rsquo;\u00e9v\u00e9nement, il a partag\u00e9 avec nous sa vision du dialogue qui s&rsquo;\u00e9tablit entre les designers et les fournisseurs et des mat\u00e9riaux en tant que semence des tendances en mati\u00e8re d&rsquo;\u00e9tiquetage.[\/vc_column_text][\/vc_column][\/vc_row][vc_row][vc_column][vc_single_image image=\u00a0\u00bb5814&Prime; img_size=\u00a0\u00bblarge\u00a0\u00bb][\/vc_column][\/vc_row][vc_row][vc_column][vc_column_text]<strong>En tant que sponsors de l&rsquo;\u00e9v\u00e9nement \u00ab\u00a0No Limits to your Creativity\u00a0\u00bb, quelle est, selon vous, la chose la plus importante que vous apportez aux graphistes en organisant cet \u00e9v\u00e9nement ?<\/strong><\/p>\n<p>En tant que sponsors de l&rsquo;\u00e9v\u00e9nement et fabricants de films de marquage \u00e0 chaud, nous apportons de nouveaux designs, de nouvelles couleurs et de nouvelles tendances pour tout ce qui concerne le marquage \u00e0 chaud.<\/p>\n<p><strong>Et que retirez-vous de ces journ\u00e9es de contact direct avec les meilleurs professionnels du design ?<\/strong><\/p>\n<p>Pour nous, il est tr\u00e8s int\u00e9ressant d&rsquo;\u00eatre ici avec tous les designers et de pouvoir apporter ce grain de sable professionnel, car nous pouvons changer tout ce qui concerne le sujet de l&rsquo;utilisation de nos outils avec les professionnels, avec les imprimeurs, et en m\u00eame temps \u00eatre en mesure de pr\u00e9senter tous les nouveaux mat\u00e9riaux que nous sortons chaque saison.[\/vc_column_text][\/vc_column][\/vc_row][vc_row][vc_column][vc_video link=\u00a0\u00bbhttps:\/\/youtu.be\/Is5_AQn4HYg\u00a0\u00bb align=\u00a0\u00bbcenter\u00a0\u00bb][\/vc_column][\/vc_row][vc_row][vc_column][vc_column_text]<strong>Le salon \u00ab\u00a0No Limits to your Creativity\u00a0\u00bb est-il un point de rencontre pour rep\u00e9rer les tendances \u00e0 venir dans le domaine de l&#8217;emballage et de l&rsquo;\u00e9tiquetage ?<\/strong><\/p>\n<p>Il ne s&rsquo;agit pas d&rsquo;un rep\u00e9rage, nous pr\u00e9sentons une nouvelle tendance en mati\u00e8re de mat\u00e9riaux et il s&rsquo;agit d&rsquo;une combinaison de discussions avec des concepteurs et de la possibilit\u00e9 de cr\u00e9er de nouvelles tendances ensemble. En fin de compte, il s&rsquo;agit d&rsquo;un \u00e9change entre eux et nous, car c&rsquo;est le march\u00e9 qui d\u00e9cide du type de mat\u00e9riau \u00e0 utiliser. Nous n&rsquo;allons pas dicter au march\u00e9 ce qu&rsquo;il doit faire, mais nous interagissons avec les designers et cr\u00e9ons des choses pour voir si le march\u00e9 suit une tendance ou une autre.[\/vc_column_text][vc_single_image image=\u00a0\u00bb5818&Prime; img_size=\u00a0\u00bblarge\u00a0\u00bb][vc_text_separator title=\u00a0\u00bbhttps:\/\/www.arque.com\/\u00a0\u00bb][\/vc_column][\/vc_row][vc_row][vc_column][\/vc_column][\/vc_row]<\/p>\n<\/div>","protected":false},"excerpt":{"rendered":"<p>[vc_row][vc_column][vc_column_text] AUCUNE LIMITE \u00c0 VOTRE CR\u00c9ATIVIT\u00c9\u00a0\u00bb BILAN 2023 Albert Arqu\u00e9, directeur des ventes Comercial Arqu\u00e9 \u201cNous proposons des tendances, mais c&rsquo;est le march\u00e9 qui d\u00e9cide des mat\u00e9riaux \u00e0 utiliser.\u201d Comercial Arqu\u00e9, leader dans le domaine des fournitures pour la dorure \u00e0 chaud et \u00e0 froid, est l&rsquo;une des entreprises qui a parrain\u00e9 la derni\u00e8re \u00e9dition&hellip;<\/p>\n","protected":false},"author":2,"featured_media":5814,"comment_status":"closed","ping_status":"closed","sticky":false,"template":"","format":"standard","meta":{"_acf_changed":false,"footnotes":""},"categories":[250],"tags":[252,253],"yst_prominent_words":[155],"class_list":["post-5825","post","type-post","status-publish","format-standard","has-post-thumbnail","hentry","category-entretiens","tag-designers-graphiques","tag-sans-limites-a-votre-creativite","category-250","description-off"],"acf":[],"_links":{"self":[{"href":"https:\/\/www.grupoargraf.com\/fr\/wp-json\/wp\/v2\/posts\/5825","targetHints":{"allow":["GET"]}}],"collection":[{"href":"https:\/\/www.grupoargraf.com\/fr\/wp-json\/wp\/v2\/posts"}],"about":[{"href":"https:\/\/www.grupoargraf.com\/fr\/wp-json\/wp\/v2\/types\/post"}],"author":[{"embeddable":true,"href":"https:\/\/www.grupoargraf.com\/fr\/wp-json\/wp\/v2\/users\/2"}],"replies":[{"embeddable":true,"href":"https:\/\/www.grupoargraf.com\/fr\/wp-json\/wp\/v2\/comments?post=5825"}],"version-history":[{"count":0,"href":"https:\/\/www.grupoargraf.com\/fr\/wp-json\/wp\/v2\/posts\/5825\/revisions"}],"wp:featuredmedia":[{"embeddable":true,"href":"https:\/\/www.grupoargraf.com\/fr\/wp-json\/wp\/v2\/media\/5814"}],"wp:attachment":[{"href":"https:\/\/www.grupoargraf.com\/fr\/wp-json\/wp\/v2\/media?parent=5825"}],"wp:term":[{"taxonomy":"category","embeddable":true,"href":"https:\/\/www.grupoargraf.com\/fr\/wp-json\/wp\/v2\/categories?post=5825"},{"taxonomy":"post_tag","embeddable":true,"href":"https:\/\/www.grupoargraf.com\/fr\/wp-json\/wp\/v2\/tags?post=5825"},{"taxonomy":"yst_prominent_words","embeddable":true,"href":"https:\/\/www.grupoargraf.com\/fr\/wp-json\/wp\/v2\/yst_prominent_words?post=5825"}],"curies":[{"name":"wp","href":"https:\/\/api.w.org\/{rel}","templated":true}]}}