{"id":4696,"date":"2023-05-15T16:57:00","date_gmt":"2023-05-15T14:57:00","guid":{"rendered":"https:\/\/www.grupoargraf.com\/2023\/05\/15\/grupo-argraf-patrocina-el-barrio-de-la-estacion-international-wine-encounters-2023\/"},"modified":"2024-03-03T11:50:22","modified_gmt":"2024-03-03T10:50:22","slug":"le-grupo-argraf-parraine-les-rencontres-internationales-du-vin-du-district-de-la-gare-2023","status":"publish","type":"post","link":"https:\/\/www.grupoargraf.com\/fr\/le-grupo-argraf-parraine-les-rencontres-internationales-du-vin-du-district-de-la-gare-2023\/","title":{"rendered":"Le Grupo Argraf parraine les Rencontres internationales du vin du district de la gare 2023"},"content":{"rendered":"<div class=\"wpb-content-wrapper\"><p>[vc_row][vc_column][vc_column_text]Lors de sa deuxi\u00e8me \u00e9dition, qui s&rsquo;est tenue le 8 mai, le Groupe Argraf a une fois de plus soutenu les vignobles et leur environnement. Nous avons \u00e0 nouveau parrain\u00e9, avec un groupe de grandes entreprises nationales et internationales, les Rencontres internationales du vin du Barrio de la Estaci\u00f3n II : Barolo et Barbaresco, organis\u00e9es par l&rsquo;Asociaci\u00f3n del Barrio de la Estaci\u00f3n de Haro.<\/p>\n<p><img loading=\"lazy\" decoding=\"async\" class=\"aligncenter wp-image-4684 size-full\" src=\"https:\/\/www.grupoargraf.com\/wp-content\/uploads\/2023\/05\/Grupo-Argraf-Impresion-de-etiquetas-Patrocinio-ABE-04.jpg\" alt=\"\" width=\"826\" height=\"590\" srcset=\"https:\/\/www.grupoargraf.com\/wp-content\/uploads\/2023\/05\/Grupo-Argraf-Impresion-de-etiquetas-Patrocinio-ABE-04.jpg 826w, https:\/\/www.grupoargraf.com\/wp-content\/uploads\/2023\/05\/Grupo-Argraf-Impresion-de-etiquetas-Patrocinio-ABE-04-300x214.jpg 300w, https:\/\/www.grupoargraf.com\/wp-content\/uploads\/2023\/05\/Grupo-Argraf-Impresion-de-etiquetas-Patrocinio-ABE-04-768x549.jpg 768w\" sizes=\"auto, (max-width: 826px) 100vw, 826px\" \/><\/p>\n<p>Cet \u00e9v\u00e9nement a r\u00e9uni plus de 500 professionnels de toute l&rsquo;Espagne qui ont appr\u00e9ci\u00e9 ce jumelage \u0153nologique entre la Rioja et le Pi\u00e9mont, deux r\u00e9gions unies par l&rsquo;\u00e9l\u00e9gance, la distinction et la capacit\u00e9 de vieillissement de leurs vins.<\/p>\n<p>Ils ont pu appr\u00e9cier les vins de grande qualit\u00e9 des caves de la Rioja CVNE, Bodegas Muga, G\u00f3mez Cruzado, La Rioja Alta, S.A. et Bodegas RODA, qui partageaient le hall des vins avec les caves du Pi\u00e9mont italien Cavallotto, Ceretto, G. D. Vajra, Tenute Cisa Asinari dei Marchesi di Gr\u00e9sy, Marchesi di Barolo et Roagna. Une \u00e9tape nationale et un \u00e9v\u00e9nement de r\u00e9f\u00e9rence dans le secteur qui, bien entendu, a b\u00e9n\u00e9fici\u00e9 du soutien du leader de l&rsquo;impression d&rsquo;\u00e9tiquettes de vin, le Grupo Argraf.<\/p>\n<p><img loading=\"lazy\" decoding=\"async\" class=\"aligncenter wp-image-4680 size-full\" src=\"https:\/\/www.grupoargraf.com\/wp-content\/uploads\/2023\/05\/Grupo-Argraf-Impresion-de-etiquetas-Patrocinio-ABE-02.jpg\" alt=\"\" width=\"826\" height=\"590\" srcset=\"https:\/\/www.grupoargraf.com\/wp-content\/uploads\/2023\/05\/Grupo-Argraf-Impresion-de-etiquetas-Patrocinio-ABE-02.jpg 826w, https:\/\/www.grupoargraf.com\/wp-content\/uploads\/2023\/05\/Grupo-Argraf-Impresion-de-etiquetas-Patrocinio-ABE-02-300x214.jpg 300w, https:\/\/www.grupoargraf.com\/wp-content\/uploads\/2023\/05\/Grupo-Argraf-Impresion-de-etiquetas-Patrocinio-ABE-02-768x549.jpg 768w\" sizes=\"auto, (max-width: 826px) 100vw, 826px\" \/><\/p>\n<p>Au cours de la journ\u00e9e, les caves h\u00f4tes ont compl\u00e9t\u00e9 la journ\u00e9e internationale par un programme de d\u00e9gustations parall\u00e8les. CVNE a montr\u00e9 la diversit\u00e9 offerte par la vari\u00e9t\u00e9 Viura, gr\u00e2ce aux diff\u00e9rentes \u00e9laborations. Bodegas Muga a \u00e9galement voulu montrer la diversit\u00e9, dans ce cas, de ses diff\u00e9rents terroirs. D&rsquo;autre part, les d\u00e9gustations verticales ont permis de montrer l&rsquo;\u00e9volution dans le temps et la personnalit\u00e9 de chaque mill\u00e9sime dans le vin Cerro Las Cuevas, de G\u00f3mez Cruzado, le Gran Reserva 904 de La Rioja Alta, S.A. et CIRSION de Bodegas RODA.<\/p>\n<p><img loading=\"lazy\" decoding=\"async\" class=\"aligncenter wp-image-4672 size-full\" src=\"https:\/\/www.grupoargraf.com\/wp-content\/uploads\/2023\/05\/Grupo-Argraf-Impresion-de-etiquetas-Patrocinio-ABE-03.jpg\" alt=\"\" width=\"826\" height=\"590\" srcset=\"https:\/\/www.grupoargraf.com\/wp-content\/uploads\/2023\/05\/Grupo-Argraf-Impresion-de-etiquetas-Patrocinio-ABE-03.jpg 826w, https:\/\/www.grupoargraf.com\/wp-content\/uploads\/2023\/05\/Grupo-Argraf-Impresion-de-etiquetas-Patrocinio-ABE-03-300x214.jpg 300w, https:\/\/www.grupoargraf.com\/wp-content\/uploads\/2023\/05\/Grupo-Argraf-Impresion-de-etiquetas-Patrocinio-ABE-03-768x549.jpg 768w\" sizes=\"auto, (max-width: 826px) 100vw, 826px\" \/><\/p>\n<p>Une grande synergie de collaboration entre les caves et les entreprises auxiliaires du secteur vitivinicole, qui a permis au personnel du Grupo Argraf d&rsquo;assister \u00e0 la r\u00e9union et de renforcer les liens professionnels avec le monde des caves au niveau national et international. Nous remplissons ainsi l&rsquo;un de nos objectifs, qui est de promouvoir et d&rsquo;aider les caves dans le processus d&rsquo;internationalisation de leurs vins.[\/vc_column_text][\/vc_column][\/vc_row]<\/p>\n<\/div>","protected":false},"excerpt":{"rendered":"<p>[vc_row][vc_column][vc_column_text]Lors de sa deuxi\u00e8me \u00e9dition, qui s&rsquo;est tenue le 8 mai, le Groupe Argraf a une fois de plus soutenu les vignobles et leur environnement. Nous avons \u00e0 nouveau parrain\u00e9, avec un groupe de grandes entreprises nationales et internationales, les Rencontres internationales du vin du Barrio de la Estaci\u00f3n II : Barolo et Barbaresco, organis\u00e9es&hellip;<\/p>\n","protected":false},"author":2,"featured_media":4691,"comment_status":"closed","ping_status":"closed","sticky":false,"template":"","format":"standard","meta":{"_acf_changed":false,"footnotes":""},"categories":[245],"tags":[252,253],"yst_prominent_words":[131],"class_list":["post-4696","post","type-post","status-publish","format-standard","has-post-thumbnail","hentry","category-nouvelles","tag-designers-graphiques","tag-sans-limites-a-votre-creativite","category-245","description-off"],"acf":[],"_links":{"self":[{"href":"https:\/\/www.grupoargraf.com\/fr\/wp-json\/wp\/v2\/posts\/4696","targetHints":{"allow":["GET"]}}],"collection":[{"href":"https:\/\/www.grupoargraf.com\/fr\/wp-json\/wp\/v2\/posts"}],"about":[{"href":"https:\/\/www.grupoargraf.com\/fr\/wp-json\/wp\/v2\/types\/post"}],"author":[{"embeddable":true,"href":"https:\/\/www.grupoargraf.com\/fr\/wp-json\/wp\/v2\/users\/2"}],"replies":[{"embeddable":true,"href":"https:\/\/www.grupoargraf.com\/fr\/wp-json\/wp\/v2\/comments?post=4696"}],"version-history":[{"count":0,"href":"https:\/\/www.grupoargraf.com\/fr\/wp-json\/wp\/v2\/posts\/4696\/revisions"}],"wp:featuredmedia":[{"embeddable":true,"href":"https:\/\/www.grupoargraf.com\/fr\/wp-json\/wp\/v2\/media\/4691"}],"wp:attachment":[{"href":"https:\/\/www.grupoargraf.com\/fr\/wp-json\/wp\/v2\/media?parent=4696"}],"wp:term":[{"taxonomy":"category","embeddable":true,"href":"https:\/\/www.grupoargraf.com\/fr\/wp-json\/wp\/v2\/categories?post=4696"},{"taxonomy":"post_tag","embeddable":true,"href":"https:\/\/www.grupoargraf.com\/fr\/wp-json\/wp\/v2\/tags?post=4696"},{"taxonomy":"yst_prominent_words","embeddable":true,"href":"https:\/\/www.grupoargraf.com\/fr\/wp-json\/wp\/v2\/yst_prominent_words?post=4696"}],"curies":[{"name":"wp","href":"https:\/\/api.w.org\/{rel}","templated":true}]}}