{"id":4576,"date":"2023-03-22T11:29:14","date_gmt":"2023-03-22T10:29:14","guid":{"rendered":"https:\/\/www.grupoargraf.com\/2023\/03\/22\/the-challenge-of-creating-the-label-of-the-future\/"},"modified":"2024-03-03T11:50:22","modified_gmt":"2024-03-03T10:50:22","slug":"le-defi-de-la-creation-du-label-du-futur","status":"publish","type":"post","link":"https:\/\/www.grupoargraf.com\/fr\/le-defi-de-la-creation-du-label-du-futur\/","title":{"rendered":"Le d\u00e9fi de la cr\u00e9ation du label du futur"},"content":{"rendered":"<div class=\"wpb-content-wrapper\"><p>[vc_row][vc_column][vc_column_text]Au sein du groupe Argraf, nous sommes attach\u00e9s \u00e0 l&rsquo;innovation. C&rsquo;est pourquoi notre cr\u00e9ativit\u00e9 n&rsquo;a pas de limites et si vous pouvez l&rsquo;imaginer, nous pouvons lui donner forme. C&rsquo;est pourquoi nous avons accept\u00e9 de participer \u00e0 la deuxi\u00e8me \u00e9dition du projet Make a Mark. Plus pr\u00e9cis\u00e9ment, pour cr\u00e9er le label EXOD.<\/p>\n<p><img loading=\"lazy\" decoding=\"async\" class=\"aligncenter wp-image-4554 size-full\" src=\"https:\/\/www.grupoargraf.com\/wp-content\/uploads\/2023\/03\/Grupo-Argraf-Impresion-de-etiquetas-Etiqueta-Avery-03.jpg\" alt=\"Grupo-Argraf-Impresi\u00f3n-de-etiquetas-Etiqueta-Avery-03\" width=\"826\" height=\"790\" srcset=\"https:\/\/www.grupoargraf.com\/wp-content\/uploads\/2023\/03\/Grupo-Argraf-Impresion-de-etiquetas-Etiqueta-Avery-03.jpg 826w, https:\/\/www.grupoargraf.com\/wp-content\/uploads\/2023\/03\/Grupo-Argraf-Impresion-de-etiquetas-Etiqueta-Avery-03-300x287.jpg 300w, https:\/\/www.grupoargraf.com\/wp-content\/uploads\/2023\/03\/Grupo-Argraf-Impresion-de-etiquetas-Etiqueta-Avery-03-768x735.jpg 768w\" sizes=\"auto, (max-width: 826px) 100vw, 826px\" \/><\/p>\n<p>EXOD est une r\u00e9flexion sur l&rsquo;avenir ; un esprit con\u00e7u pour l&rsquo;espace, face \u00e0 un changement climatique potentiel qui nous obligera \u00e0 un voyage vers la survie.<\/p>\n<p>Ce projet n\u00e9cessitait diff\u00e9rents syst\u00e8mes d&rsquo;impression refl\u00e9tant cette approche futuriste. Sans aucun doute, et comme le reconna\u00eet Conchi Cuevas, notre directeur commercial, \u00ab\u00a0nous avons d&rsquo;abord \u00e9t\u00e9 confront\u00e9s \u00e0 un mat\u00e9riau qui nous est parvenu sous la forme d&rsquo;une \u00e9norme bobine, que nous avons d\u00fb transformer en une feuille au format adapt\u00e9 \u00e0 l&rsquo;impression, sur une nouvelle machine, ce que nous n&rsquo;avions jamais fait auparavant au sein du Grupo Argraf. Nous avons \u00e9galement d\u00fb travailler avec des techniques d&rsquo;impression tr\u00e8s diff\u00e9rentes, avec des clich\u00e9s en nano ou micro-embossage tr\u00e8s d\u00e9licats\u00a0\u00bb.<\/p>\n<p><iframe loading=\"lazy\" title=\"El reto de crear la etiqueta del futuro\" width=\"1200\" height=\"675\" src=\"https:\/\/www.youtube.com\/embed\/hLPNFBjz2Gc?feature=oembed\" frameborder=\"0\" allow=\"accelerometer; autoplay; clipboard-write; encrypted-media; gyroscope; picture-in-picture; web-share\" allowfullscreen><\/iframe><\/p>\n<p>L&rsquo;\u00e9tiquette d&rsquo;EXOD pr\u00e9sente une technique holographique, accompagn\u00e9e de diff\u00e9rents gaufrages en or et en noir. La nano-impression en relief inclut les coordonn\u00e9es de Ross128b, la deuxi\u00e8me exoplan\u00e8te la plus proche de la Terre et celle qui pr\u00e9sente les meilleures conditions pour accueillir des \u00eatres humains.<\/p>\n<p>Un d\u00e9fi en lettres capitales et un d\u00e9fi tr\u00e8s int\u00e9ressant que nous avons relev\u00e9 au sein du Grupo Argraf et que nous avons accept\u00e9 sans r\u00e9fl\u00e9chir lorsque Miguel Garc\u00eda, BDM Wine &amp; Spirits-Avery Dennison, nous l&rsquo;a propos\u00e9. Miguel Garc\u00eda a reconnu qu&rsquo;EXOD est l&rsquo;une des \u0153uvres les plus propres et les plus modernes de cette deuxi\u00e8me \u00e9dition.<\/p>\n<p><img loading=\"lazy\" decoding=\"async\" class=\"aligncenter wp-image-4558 size-full\" src=\"https:\/\/www.grupoargraf.com\/wp-content\/uploads\/2023\/03\/Grupo-Argraf-Impresion-de-etiquetas-Etiqueta-Avery-04.jpg\" alt=\"\" width=\"826\" height=\"790\" srcset=\"https:\/\/www.grupoargraf.com\/wp-content\/uploads\/2023\/03\/Grupo-Argraf-Impresion-de-etiquetas-Etiqueta-Avery-04.jpg 826w, https:\/\/www.grupoargraf.com\/wp-content\/uploads\/2023\/03\/Grupo-Argraf-Impresion-de-etiquetas-Etiqueta-Avery-04-300x287.jpg 300w, https:\/\/www.grupoargraf.com\/wp-content\/uploads\/2023\/03\/Grupo-Argraf-Impresion-de-etiquetas-Etiqueta-Avery-04-768x735.jpg 768w\" sizes=\"auto, (max-width: 826px) 100vw, 826px\" \/><\/p>\n<p>Make a Mark, explique-t-il, a vu le jour il y a trois ans. La gen\u00e8se a impliqu\u00e9 trois partenaires principaux : Leonhard Kurz, un fournisseur d&rsquo;estampage et d&rsquo;outillage ; Estal Packaging, pour les bouteilles ; et Avery Dennison, pour les mat\u00e9riaux auto-adh\u00e9sifs. \u00ab\u00a0Make a Mark est un peu comme une boule de cristal, qui nous montre ce qui se passera dans 5 \u00e0 10 ans. En d&rsquo;autres termes, il ouvre la porte \u00e0 l&rsquo;analyse de nouvelles possibilit\u00e9s, car l&rsquo;objectif principal des projets propos\u00e9s dans le cadre de cette initiative n&rsquo;est pas d&rsquo;\u00eatre industrialisables \u00e0 court terme, mais de forcer la machine pour que les agences puissent donner leur vision futuriste et disposer d&rsquo;un outil inspirant.<\/p>\n<p><strong>La durabilit\u00e9, base des projets<\/strong><\/p>\n<p>N\u00e9anmoins, la durabilit\u00e9 a \u00e9t\u00e9 au centre de toutes les cr\u00e9ations. Un engagement que nous partageons au sein du Grupo Argraf, o\u00f9 nous disposons de papiers \u00e9cologiques ou de papiers ayant un impact minimal sur l&rsquo;environnement, et o\u00f9 nous proposons des encres fabriqu\u00e9es \u00e0 partir de mati\u00e8res premi\u00e8res renouvelables et d&rsquo;origine organique. Nous poss\u00e9dons \u00e9galement le label FSC\u00ae, qui garantit que le papier que nous utilisons provient d&rsquo;exploitations foresti\u00e8res correctement g\u00e9r\u00e9es sur le plan environnemental.<\/p>\n<p><img loading=\"lazy\" decoding=\"async\" class=\"aligncenter wp-image-4562 size-full\" src=\"https:\/\/www.grupoargraf.com\/wp-content\/uploads\/2023\/03\/Grupo-Argraf-Impresion-de-etiquetas-Etiqueta-Avery-05.jpg\" alt=\"\" width=\"826\" height=\"790\" srcset=\"https:\/\/www.grupoargraf.com\/wp-content\/uploads\/2023\/03\/Grupo-Argraf-Impresion-de-etiquetas-Etiqueta-Avery-05.jpg 826w, https:\/\/www.grupoargraf.com\/wp-content\/uploads\/2023\/03\/Grupo-Argraf-Impresion-de-etiquetas-Etiqueta-Avery-05-300x287.jpg 300w, https:\/\/www.grupoargraf.com\/wp-content\/uploads\/2023\/03\/Grupo-Argraf-Impresion-de-etiquetas-Etiqueta-Avery-05-768x735.jpg 768w\" sizes=\"auto, (max-width: 826px) 100vw, 826px\" \/><\/p>\n<p>\u00ab\u00a0Nous valorisons tout ce qui peut aller avec l&rsquo;\u00e9co-conception, car c&rsquo;est l&rsquo;une des cl\u00e9s des trois partenaires\u00a0\u00bb, a d\u00e9clar\u00e9 Miguel Garc\u00eda. Dans ce sens, il a soulign\u00e9 l&rsquo;opportunit\u00e9 qu&rsquo;il a eue de travailler avec un \u00e9cosyst\u00e8me tr\u00e8s large, qui est all\u00e9 au-del\u00e0 de l&rsquo;imprimeur et de l&rsquo;agence, en faisant r\u00e9f\u00e9rence aux fournisseurs de li\u00e8ge, de bouchons, de bo\u00eetes, etc.<\/p>\n<p>Petit \u00e0 petit, de plus en plus d&rsquo;entreprises rejoignent cette communaut\u00e9 d&rsquo;entreprises engag\u00e9es dans la durabilit\u00e9, comme le Grupo Argraf.<\/p>\n<p>Le Grupo Argraf peut affirmer que ce fut un v\u00e9ritable luxe de travailler avec Avery Dennison dans le cadre de ce projet. Il ne fait aucun doute que la participation \u00e0 Make a Mark nous a permis de faire conna\u00eetre notre travail au niveau international.<\/p>\n<p><iframe loading=\"lazy\" style=\"border: none; overflow: hidden;\" src=\"https:\/\/www.facebook.com\/plugins\/video.php?height=315&amp;href=https%3A%2F%2Fwww.facebook.com%2Fgrupoargraf%2Fvideos%2F709210750797842%2F&amp;show_text=false&amp;width=560&amp;t=0\" width=\"560\" height=\"315\" frameborder=\"0\" scrolling=\"no\" allowfullscreen=\"allowfullscreen\"><\/iframe><\/p>\n<p>Le groupe Argraf travaille dans le monde de l&rsquo;\u00e9tiquette depuis plus de soixante-dix ans et nous sommes leaders en Espagne dans ce secteur. Notre d\u00e9fi consiste d\u00e9sormais \u00e0 acqu\u00e9rir une renomm\u00e9e internationale. Et, bien s\u00fbr, de renouveler notre exp\u00e9rience avec Avery Dennison.[\/vc_column_text][\/vc_column][\/vc_row]<\/p>\n<\/div>","protected":false},"excerpt":{"rendered":"<p>[vc_row][vc_column][vc_column_text]Au sein du groupe Argraf, nous sommes attach\u00e9s \u00e0 l&rsquo;innovation. C&rsquo;est pourquoi notre cr\u00e9ativit\u00e9 n&rsquo;a pas de limites et si vous pouvez l&rsquo;imaginer, nous pouvons lui donner forme. C&rsquo;est pourquoi nous avons accept\u00e9 de participer \u00e0 la deuxi\u00e8me \u00e9dition du projet Make a Mark. Plus pr\u00e9cis\u00e9ment, pour cr\u00e9er le label EXOD. EXOD est une r\u00e9flexion&hellip;<\/p>\n","protected":false},"author":2,"featured_media":4549,"comment_status":"closed","ping_status":"closed","sticky":false,"template":"","format":"standard","meta":{"_acf_changed":false,"footnotes":""},"categories":[245],"tags":[252,253],"yst_prominent_words":[131],"class_list":["post-4576","post","type-post","status-publish","format-standard","has-post-thumbnail","hentry","category-nouvelles","tag-designers-graphiques","tag-sans-limites-a-votre-creativite","category-245","description-off"],"acf":[],"_links":{"self":[{"href":"https:\/\/www.grupoargraf.com\/fr\/wp-json\/wp\/v2\/posts\/4576","targetHints":{"allow":["GET"]}}],"collection":[{"href":"https:\/\/www.grupoargraf.com\/fr\/wp-json\/wp\/v2\/posts"}],"about":[{"href":"https:\/\/www.grupoargraf.com\/fr\/wp-json\/wp\/v2\/types\/post"}],"author":[{"embeddable":true,"href":"https:\/\/www.grupoargraf.com\/fr\/wp-json\/wp\/v2\/users\/2"}],"replies":[{"embeddable":true,"href":"https:\/\/www.grupoargraf.com\/fr\/wp-json\/wp\/v2\/comments?post=4576"}],"version-history":[{"count":0,"href":"https:\/\/www.grupoargraf.com\/fr\/wp-json\/wp\/v2\/posts\/4576\/revisions"}],"wp:featuredmedia":[{"embeddable":true,"href":"https:\/\/www.grupoargraf.com\/fr\/wp-json\/wp\/v2\/media\/4549"}],"wp:attachment":[{"href":"https:\/\/www.grupoargraf.com\/fr\/wp-json\/wp\/v2\/media?parent=4576"}],"wp:term":[{"taxonomy":"category","embeddable":true,"href":"https:\/\/www.grupoargraf.com\/fr\/wp-json\/wp\/v2\/categories?post=4576"},{"taxonomy":"post_tag","embeddable":true,"href":"https:\/\/www.grupoargraf.com\/fr\/wp-json\/wp\/v2\/tags?post=4576"},{"taxonomy":"yst_prominent_words","embeddable":true,"href":"https:\/\/www.grupoargraf.com\/fr\/wp-json\/wp\/v2\/yst_prominent_words?post=4576"}],"curies":[{"name":"wp","href":"https:\/\/api.w.org\/{rel}","templated":true}]}}