{"id":4234,"date":"2022-09-16T12:30:57","date_gmt":"2022-09-16T10:30:57","guid":{"rendered":"https:\/\/www.grupoargraf.com\/2022\/09\/16\/grupo-argraf-compra-redgraf-imprenta-especializada-en-etiquetas-para-cava\/"},"modified":"2024-03-03T11:50:26","modified_gmt":"2024-03-03T10:50:26","slug":"grupo-argraf-acquiert-redgraf-une-imprimerie-specialisee-dans-les-etiquettes-de-cava","status":"publish","type":"post","link":"https:\/\/www.grupoargraf.com\/fr\/grupo-argraf-acquiert-redgraf-une-imprimerie-specialisee-dans-les-etiquettes-de-cava\/","title":{"rendered":"Grupo Argraf acquiert Redgraf, une imprimerie sp\u00e9cialis\u00e9e dans les \u00e9tiquettes de cava"},"content":{"rendered":"<div class=\"wpb-content-wrapper\"><p>[vc_row][vc_column][vc_column_text][vc_row][vc_column][vc_column_text]Au Grupo Argraf, nous faisons la f\u00eate. Nous avons acquis Redgraf, Realizaciones y Dise\u00f1o Gr\u00e1fico S.A., une entreprise situ\u00e9e dans la ville barcelonaise de Rub\u00ed, sp\u00e9cialis\u00e9e dans la fabrication d&rsquo;\u00e9tiquettes coll\u00e9es et autocollantes pour le secteur du cava. Nous poursuivons notre politique de croissance et prenons des mesures pour augmenter notre capacit\u00e9 de production, sans oublier, comme le dit notre directeur g\u00e9n\u00e9ral, Alberto Torroba, \u00ab\u00a0d&rsquo;\u00e9tendre notre pr\u00e9sence dans cette importante zone de vins et de cavas et de faire en sorte que nos clients se sentent plus proches de nous\u00a0\u00bb.<\/p>\n<p>&nbsp;<\/p>\n<p><img loading=\"lazy\" decoding=\"async\" class=\"aligncenter wp-image-3395 size-large\" src=\"https:\/\/www.grupoargraf.com\/wp-content\/uploads\/2022\/09\/Grupo-Argraf-Impresion-de-etiquetas-compra-Regraf-3-1024x683.jpg\" alt=\"Grupo Argraf Impresi\u00f3n de etiquetas compra Regraf\" width=\"1024\" height=\"683\" srcset=\"https:\/\/www.grupoargraf.com\/wp-content\/uploads\/2022\/09\/Grupo-Argraf-Impresion-de-etiquetas-compra-Regraf-3-1024x683.jpg 1024w, https:\/\/www.grupoargraf.com\/wp-content\/uploads\/2022\/09\/Grupo-Argraf-Impresion-de-etiquetas-compra-Regraf-3-300x200.jpg 300w, https:\/\/www.grupoargraf.com\/wp-content\/uploads\/2022\/09\/Grupo-Argraf-Impresion-de-etiquetas-compra-Regraf-3-768x512.jpg 768w, https:\/\/www.grupoargraf.com\/wp-content\/uploads\/2022\/09\/Grupo-Argraf-Impresion-de-etiquetas-compra-Regraf-3-1536x1024.jpg 1536w, https:\/\/www.grupoargraf.com\/wp-content\/uploads\/2022\/09\/Grupo-Argraf-Impresion-de-etiquetas-compra-Regraf-3.jpg 1993w\" sizes=\"auto, (max-width: 1024px) 100vw, 1024px\" \/><\/p>\n<p>Parce que, en tant que leaders absolus de la conception et de l&rsquo;impression d&rsquo;\u00e9tiquettes de vin en Espagne, nous avons un nombre important de clients en Catalogne, ce qui rendait indispensable une pr\u00e9sence physique dans cette communaut\u00e9. C&rsquo;est un objectif que nous avons sans aucun doute atteint avec l&rsquo;acquisition de Redgraf.<\/p>\n<p>L&rsquo;achat de cette entreprise, qui emploie 19 personnes et r\u00e9alise un chiffre d&rsquo;affaires annuel de pr\u00e8s de 4 millions d&rsquo;euros, est un premier jalon de notre expansion g\u00e9ographique, car cette soci\u00e9t\u00e9 travaille \u00e9galement pour de grandes marques de la r\u00e9gion. Notre directeur g\u00e9n\u00e9ral en est bien conscient et souligne que notre objectif est que Redgraf \u00ab\u00a0devienne notre usine pour cette r\u00e9gion, qui offre tant de possibilit\u00e9s\u00a0\u00bb.<\/p>\n<p>&nbsp;<\/p>\n<p><img loading=\"lazy\" decoding=\"async\" class=\"aligncenter wp-image-3392 size-large\" src=\"https:\/\/www.grupoargraf.com\/wp-content\/uploads\/2022\/09\/Grupo-Argraf-Impresion-de-etiquetas-compra-Regraf-2-1024x731.jpg\" alt=\"Grupo Argraf Impresi\u00f3n de etiquetas compra Regraf\" width=\"1024\" height=\"731\" srcset=\"https:\/\/www.grupoargraf.com\/wp-content\/uploads\/2022\/09\/Grupo-Argraf-Impresion-de-etiquetas-compra-Regraf-2-1024x731.jpg 1024w, https:\/\/www.grupoargraf.com\/wp-content\/uploads\/2022\/09\/Grupo-Argraf-Impresion-de-etiquetas-compra-Regraf-2-300x214.jpg 300w, https:\/\/www.grupoargraf.com\/wp-content\/uploads\/2022\/09\/Grupo-Argraf-Impresion-de-etiquetas-compra-Regraf-2-768x548.jpg 768w, https:\/\/www.grupoargraf.com\/wp-content\/uploads\/2022\/09\/Grupo-Argraf-Impresion-de-etiquetas-compra-Regraf-2-1536x1097.jpg 1536w, https:\/\/www.grupoargraf.com\/wp-content\/uploads\/2022\/09\/Grupo-Argraf-Impresion-de-etiquetas-compra-Regraf-2-2048x1463.jpg 2048w\" sizes=\"auto, (max-width: 1024px) 100vw, 1024px\" \/><\/p>\n<p>L&rsquo;acquisition de cette soci\u00e9t\u00e9 nous a \u00e9galement ouvert un autre secteur d&rsquo;activit\u00e9 : la fabrication de capsules pour cava. Une ligne que nous allons entretenir dans le but de la faire grandir.<\/p>\n<p>Au Grupo Argraf, nous travaillons constamment sur la qualit\u00e9, le service, la pr\u00e9sentation et l&rsquo;innovation. Nous nous caract\u00e9risons par notre esprit d&rsquo;entreprise et d&rsquo;innovation, avec un effort d&rsquo;investissement constant, dans le but d&rsquo;offrir \u00e0 tous nos clients les derni\u00e8res techniques d&rsquo;impression, d&rsquo;estampage et de finition. Pour y parvenir, il est essentiel d&rsquo;\u00eatre toujours \u00e0 l&rsquo;avant-garde.<\/p>\n<p>Notre strat\u00e9gie, comme l&rsquo;explique notre directeur g\u00e9n\u00e9ral, Alberto Torroba, \u00ab\u00a0a toujours \u00e9t\u00e9 fond\u00e9e sur l&rsquo;illusion d&rsquo;\u00eatre des leaders et des r\u00e9f\u00e9rences dans le secteur des \u00e9tiquettes \u00e0 haute valeur ajout\u00e9e et sur l&rsquo;ambition de poursuivre notre croissance\u00a0\u00bb.<\/p>\n<p>Plus de 900 millions de bouteilles portent notre marque. Au cours de nos plus de 80 ann\u00e9es d&rsquo;existence, nous avons poursuivi le m\u00eame d\u00e9fi, \u00e0 savoir am\u00e9liorer les \u00e9tiquettes existantes et les faire se d\u00e9marquer des autres. Et nous allons travailler dans le m\u00eame sens dans cette importante zone viticole et dans le secteur du cava.<\/p>\n<p><strong><img loading=\"lazy\" decoding=\"async\" class=\"aligncenter wp-image-3389 size-large\" src=\"https:\/\/www.grupoargraf.com\/wp-content\/uploads\/2022\/09\/Grupo-Argraf-Impresion-de-etiquetas-compra-Regraf-1-1024x893.jpg\" alt=\"Grupo Argraf Impresi\u00f3n de etiquetas compra Regraf\" width=\"1024\" height=\"893\" srcset=\"https:\/\/www.grupoargraf.com\/wp-content\/uploads\/2022\/09\/Grupo-Argraf-Impresion-de-etiquetas-compra-Regraf-1-1024x893.jpg 1024w, https:\/\/www.grupoargraf.com\/wp-content\/uploads\/2022\/09\/Grupo-Argraf-Impresion-de-etiquetas-compra-Regraf-1-300x262.jpg 300w, https:\/\/www.grupoargraf.com\/wp-content\/uploads\/2022\/09\/Grupo-Argraf-Impresion-de-etiquetas-compra-Regraf-1-768x670.jpg 768w, https:\/\/www.grupoargraf.com\/wp-content\/uploads\/2022\/09\/Grupo-Argraf-Impresion-de-etiquetas-compra-Regraf-1-1536x1339.jpg 1536w, https:\/\/www.grupoargraf.com\/wp-content\/uploads\/2022\/09\/Grupo-Argraf-Impresion-de-etiquetas-compra-Regraf-1-2048x1785.jpg 2048w\" sizes=\"auto, (max-width: 1024px) 100vw, 1024px\" \/><\/strong><\/p>\n<p><strong>Investissements et nouvelles machines<\/strong><\/p>\n<p>Nous ne comprenons pas l&rsquo;am\u00e9lioration constante et l&rsquo;innovation si elles ne s&rsquo;accompagnent pas d&rsquo;investissements solides et d&rsquo;un engagement ferme en faveur de la durabilit\u00e9. Au sein du Grupo Argraf, au cours de cette ann\u00e9e 2022, les investissements en machines et en durabilit\u00e9 environnementale ont d\u00e9pass\u00e9 les deux millions d&rsquo;euros.<\/p>\n<p>De plus, nous recevrons bient\u00f4t une nouvelle Omet Xflex X6 de 430 mm, qui sera la quatri\u00e8me pi\u00e8ce d&rsquo;\u00e9quipement \u00e0 entrer dans notre entreprise, pratiquement identique \u00e0 la pr\u00e9c\u00e9dente, qui supporte une plus grande charge de travail. Parce que cette machine travaille de mani\u00e8re tr\u00e8s productive &#8211; elle est toujours pleine avec trois \u00e9quipes &#8211; et gr\u00e2ce \u00e0 elle, les \u00e9tiquettes sortent finies, car, en un seul passage, diff\u00e9rents syst\u00e8mes d&rsquo;impression et de finition peuvent \u00eatre appliqu\u00e9s \u00e0 des vitesses \u00e9lev\u00e9es.<\/p>\n<p>Il convient de rappeler qu&rsquo;au cours des derni\u00e8res ann\u00e9es, nous avons r\u00e9alis\u00e9 de nouveaux et importants investissements en machines d&rsquo;impression et de finition, comme celui que nous avons effectu\u00e9 en 2021, avec l&rsquo;entr\u00e9e d&rsquo;une nouvelle presse offset \u00e0 bobines Miyakoshi, ou la presse semi-rotative MIDA ult\u00e9rieure, une MA350 plus, qui, selon les termes de notre directeur g\u00e9n\u00e9ral, formait \u00ab\u00a0un \u00e9quipement de finition hors ligne tr\u00e8s complet, avec estampage, s\u00e9rigraphie, gaufrage, flexographie et d\u00e9coupe\u00a0\u00bb.<\/p>\n<p>Au Grupo Argraf, nous nous engageons \u00e9galement envers la soci\u00e9t\u00e9 et l&rsquo;environnement. Nous voulons apporter une valeur positive et laisser un monde meilleur \u00e0 nos successeurs. C&rsquo;est pourquoi, cette ann\u00e9e encore, nous avons pr\u00e9vu d&rsquo;installer davantage de panneaux solaires sur le toit. Nous envisageons \u00e9galement de passer des technologies de s\u00e9chage UVI aux LED, de r\u00e9duire le nombre de conteneurs que nous consommons et de mesurer notre impact sur notre empreinte carbone.[\/vc_column_text][\/vc_column][\/vc_row][\/vc_column_text][\/vc_column][\/vc_row]<\/p>\n<\/div>","protected":false},"excerpt":{"rendered":"<p>[vc_row][vc_column][vc_column_text][vc_row][vc_column][vc_column_text]Au Grupo Argraf, nous faisons la f\u00eate. Nous avons acquis Redgraf, Realizaciones y Dise\u00f1o Gr\u00e1fico S.A., une entreprise situ\u00e9e dans la ville barcelonaise de Rub\u00ed, sp\u00e9cialis\u00e9e dans la fabrication d&rsquo;\u00e9tiquettes coll\u00e9es et autocollantes pour le secteur du cava. Nous poursuivons notre politique de croissance et prenons des mesures pour augmenter notre capacit\u00e9 de production, sans&hellip;<\/p>\n","protected":false},"author":2,"featured_media":3394,"comment_status":"closed","ping_status":"closed","sticky":false,"template":"","format":"standard","meta":{"_acf_changed":false,"footnotes":""},"categories":[245],"tags":[252,253],"yst_prominent_words":[],"class_list":["post-4234","post","type-post","status-publish","format-standard","has-post-thumbnail","hentry","category-nouvelles","tag-designers-graphiques","tag-sans-limites-a-votre-creativite","category-245","description-off"],"acf":[],"_links":{"self":[{"href":"https:\/\/www.grupoargraf.com\/fr\/wp-json\/wp\/v2\/posts\/4234","targetHints":{"allow":["GET"]}}],"collection":[{"href":"https:\/\/www.grupoargraf.com\/fr\/wp-json\/wp\/v2\/posts"}],"about":[{"href":"https:\/\/www.grupoargraf.com\/fr\/wp-json\/wp\/v2\/types\/post"}],"author":[{"embeddable":true,"href":"https:\/\/www.grupoargraf.com\/fr\/wp-json\/wp\/v2\/users\/2"}],"replies":[{"embeddable":true,"href":"https:\/\/www.grupoargraf.com\/fr\/wp-json\/wp\/v2\/comments?post=4234"}],"version-history":[{"count":0,"href":"https:\/\/www.grupoargraf.com\/fr\/wp-json\/wp\/v2\/posts\/4234\/revisions"}],"wp:featuredmedia":[{"embeddable":true,"href":"https:\/\/www.grupoargraf.com\/fr\/wp-json\/wp\/v2\/media\/3394"}],"wp:attachment":[{"href":"https:\/\/www.grupoargraf.com\/fr\/wp-json\/wp\/v2\/media?parent=4234"}],"wp:term":[{"taxonomy":"category","embeddable":true,"href":"https:\/\/www.grupoargraf.com\/fr\/wp-json\/wp\/v2\/categories?post=4234"},{"taxonomy":"post_tag","embeddable":true,"href":"https:\/\/www.grupoargraf.com\/fr\/wp-json\/wp\/v2\/tags?post=4234"},{"taxonomy":"yst_prominent_words","embeddable":true,"href":"https:\/\/www.grupoargraf.com\/fr\/wp-json\/wp\/v2\/yst_prominent_words?post=4234"}],"curies":[{"name":"wp","href":"https:\/\/api.w.org\/{rel}","templated":true}]}}