{"id":2477,"date":"2021-11-23T16:16:30","date_gmt":"2021-11-23T15:16:30","guid":{"rendered":"https:\/\/www.grupoargraf.com\/2021\/11\/23\/grupo-argraf-patrocina-el-foro-internacional-wine-land-2021\/"},"modified":"2024-03-03T11:50:30","modified_gmt":"2024-03-03T10:50:30","slug":"grupo-argraf-parraine-le-forum-international-wine-land-2021","status":"publish","type":"post","link":"https:\/\/www.grupoargraf.com\/fr\/grupo-argraf-parraine-le-forum-international-wine-land-2021\/","title":{"rendered":"Grupo Argraf parraine le forum international Wine Land 2021"},"content":{"rendered":"<div class=\"wpb-content-wrapper\"><p>[vc_row][vc_column][vc_column_text]La formation continue, la r\u00e9flexion et la collaboration entre les diff\u00e9rents agents qui travaillent pour et avec le secteur vitivinicole est l&rsquo;une de nos marques de fabrique. C&rsquo;est pourquoi Grupo Argraf a d\u00e9cid\u00e9 de soutenir le Forum international d&rsquo;\u0153nologie et d&rsquo;\u0153notourisme Wine Land 2021 en devenant l&rsquo;un de ses sponsors officiels.<\/p>\n<p>Wine Land vise \u00e0 ouvrir un espace pour analyser les besoins et les tendances dominantes dans les domaines du marketing et de la consommation, du tourisme du vin et de la durabilit\u00e9. Il vise \u00e9galement \u00e0 d\u00e9tecter les nouvelles opportunit\u00e9s et les changements dans les mod\u00e8les d&rsquo;entreprise et \u00e0 partager les connaissances et les exp\u00e9riences r\u00e9ussies.<\/p>\n<p>Une trentaine d&rsquo;intervenants participeront \u00e0 cet \u00e9v\u00e9nement, organis\u00e9 par le Marketing Club de La Rioja les 29 et 30 novembre au Riojaforum, dont Alberto P\u00e9rez, conseiller du Grupo Argraf, qui donnera une conf\u00e9rence intitul\u00e9e \u00ab\u00a0De la crise des covid\u00e9s \u00e0 une nouvelle crise de l&rsquo;approvisionnement, du transport&#8230;\u00a0\u00bb.<\/p>\n<p>Wine Land 2021&Prime; se concentrera sur les domaines de la durabilit\u00e9 et du marketing \u00e0 l&rsquo;\u00e8re post-pand\u00e9mique, avec un contenu sous forme de masterclasses, de panels, de conf\u00e9rences, d&rsquo;interviews et de pr\u00e9sentations qui, outre l&rsquo;analyse des nouvelles tendances, \u00e9valueront la mani\u00e8re dont elles affectent le march\u00e9 et dans quelle mesure elles r\u00e9pondent aux changements de comportement des consommateurs.<\/p>\n<p>Les contenus ont \u00e9t\u00e9 s\u00e9lectionn\u00e9s par un comit\u00e9 dirig\u00e9 par Pilar Molestina, pour leur pertinence et en tenant compte des questions d&rsquo;int\u00e9r\u00eat et de pr\u00e9occupation pour le secteur du vin dans le monde entier, et en Espagne en particulier.<\/p>\n<p>Le forum a un programme int\u00e9ressant, qui peut \u00eatre consult\u00e9 sur le site wineland.es, et qui peut \u00eatre suivi \u00e0 la fois en ligne et en personne avec une inscription pr\u00e9alable dans les deux modalit\u00e9s.[\/vc_column_text][\/vc_column][\/vc_row]<\/p>\n<\/div>","protected":false},"excerpt":{"rendered":"<p>[vc_row][vc_column][vc_column_text]La formation continue, la r\u00e9flexion et la collaboration entre les diff\u00e9rents agents qui travaillent pour et avec le secteur vitivinicole est l&rsquo;une de nos marques de fabrique. C&rsquo;est pourquoi Grupo Argraf a d\u00e9cid\u00e9 de soutenir le Forum international d&rsquo;\u0153nologie et d&rsquo;\u0153notourisme Wine Land 2021 en devenant l&rsquo;un de ses sponsors officiels. Wine Land vise \u00e0&hellip;<\/p>\n","protected":false},"author":2,"featured_media":2473,"comment_status":"closed","ping_status":"closed","sticky":false,"template":"","format":"standard","meta":{"_acf_changed":false,"footnotes":""},"categories":[245],"tags":[253],"yst_prominent_words":[],"class_list":["post-2477","post","type-post","status-publish","format-standard","has-post-thumbnail","hentry","category-nouvelles","tag-sans-limites-a-votre-creativite","category-245","description-off"],"acf":[],"_links":{"self":[{"href":"https:\/\/www.grupoargraf.com\/fr\/wp-json\/wp\/v2\/posts\/2477","targetHints":{"allow":["GET"]}}],"collection":[{"href":"https:\/\/www.grupoargraf.com\/fr\/wp-json\/wp\/v2\/posts"}],"about":[{"href":"https:\/\/www.grupoargraf.com\/fr\/wp-json\/wp\/v2\/types\/post"}],"author":[{"embeddable":true,"href":"https:\/\/www.grupoargraf.com\/fr\/wp-json\/wp\/v2\/users\/2"}],"replies":[{"embeddable":true,"href":"https:\/\/www.grupoargraf.com\/fr\/wp-json\/wp\/v2\/comments?post=2477"}],"version-history":[{"count":0,"href":"https:\/\/www.grupoargraf.com\/fr\/wp-json\/wp\/v2\/posts\/2477\/revisions"}],"wp:featuredmedia":[{"embeddable":true,"href":"https:\/\/www.grupoargraf.com\/fr\/wp-json\/wp\/v2\/media\/2473"}],"wp:attachment":[{"href":"https:\/\/www.grupoargraf.com\/fr\/wp-json\/wp\/v2\/media?parent=2477"}],"wp:term":[{"taxonomy":"category","embeddable":true,"href":"https:\/\/www.grupoargraf.com\/fr\/wp-json\/wp\/v2\/categories?post=2477"},{"taxonomy":"post_tag","embeddable":true,"href":"https:\/\/www.grupoargraf.com\/fr\/wp-json\/wp\/v2\/tags?post=2477"},{"taxonomy":"yst_prominent_words","embeddable":true,"href":"https:\/\/www.grupoargraf.com\/fr\/wp-json\/wp\/v2\/yst_prominent_words?post=2477"}],"curies":[{"name":"wp","href":"https:\/\/api.w.org\/{rel}","templated":true}]}}