{"id":9347,"date":"2026-01-29T11:08:32","date_gmt":"2026-01-29T10:08:32","guid":{"rendered":"https:\/\/www.grupoargraf.com\/grupo-argraf-recibe-a-estudiantes-del-ifp-antoni-alguero-en-su-planta-de-rubi-una-jornada-de-formacion-en-artes-graficas\/"},"modified":"2026-01-29T11:51:46","modified_gmt":"2026-01-29T10:51:46","slug":"el-grup-argraf-acull-estudiants-de-lifp-antoni-alguero-a-la-seva-planta-de-rubi-per-a-una-jornada-de-formacio-en-arts-grafiques","status":"publish","type":"post","link":"https:\/\/www.grupoargraf.com\/ca\/el-grup-argraf-acull-estudiants-de-lifp-antoni-alguero-a-la-seva-planta-de-rubi-per-a-una-jornada-de-formacio-en-arts-grafiques\/","title":{"rendered":"Grupo Argraf acull estudiants de l&#8217;Institut de Formaci\u00f3 Professional Antoni Alguer\u00f3 a la seva planta de Rub\u00ed: un dia de formaci\u00f3 en arts gr\u00e0fiques"},"content":{"rendered":"\n<p>Grupo Argraf ha obert de nou les portes de la seva seu Argraf Catalu\u00f1a a Rub\u00ed a la comunitat educativa de les arts gr\u00e0fiques, aquesta vegada donant la benvinguda a estudiants de l&#8217;IFP Antoni Alguer\u00f3, un dels principals centres de formaci\u00f3 en arts gr\u00e0fiques i disseny de Catalunya. La visita refor\u00e7a el comprom\u00eds de l&#8217;empresa amb la formaci\u00f3 pr\u00e0ctica, el talent jove i el futur del sector de l&#8217;estampaci\u00f3 d&#8217;etiquetes per a l&#8217;alimentaci\u00f3 i el vi.<\/p>\n\n<p><strong>Una empresa l\u00edder en impressi\u00f3 obre les portes<\/strong><\/p>\n\n<p>Grupo Argraf \u00e9s el grup l\u00edder d&#8217;Espanya i un dels m\u00e9s grans d&#8217;Europa en el disseny i la impressi\u00f3 d&#8217;etiquetes per a aliments, amb una posici\u00f3 de lideratge consolidada en el segment d&#8217;etiquetes de vi. Des de la seva planta de Rub\u00ed, resultat de la integraci\u00f3 de Redgraf, l&#8217;empresa ha refor\u00e7at la seva pres\u00e8ncia a Catalunya i a les principals zones productores de vi i cava.<\/p>\n\n<p>M\u00e9s de 900 milions d&#8217;ampolles, i actualment al voltant de 2.000 milions d&#8217;etiquetes, porten cada any la signatura Argraf en mercats com Espanya, Portugal, Fran\u00e7a, Alemanya i It\u00e0lia. Aquesta escala industrial conviu amb un ferm comprom\u00eds amb la creativitat, la innovaci\u00f3 en acabats i el suport als dissenyadors, a les escoles i als joves professionals.<\/p>\n\n<p><strong>Una visita dissenyada com una &#8220;masterclass&#8221;<\/strong><\/p>\n\n<p>Durant la visita a Argraf Catalu\u00f1a, els estudiants de l&#8217;IFP Antoni Alguer\u00f3 van poder veure totes les fases del proc\u00e9s de fabricaci\u00f3 d&#8217;etiquetes, des de la recepci\u00f3 de la comanda i la preparaci\u00f3 de les eines fins a la impressi\u00f3 i l&#8217;acabat final. Aquest enfocament proporciona una comprensi\u00f3 de com es coordinen el disseny, la preimpressi\u00f3, la producci\u00f3 i el control de qualitat en un entorn real i altament t\u00e8cnic.<\/p>\n\n<p>En visites anteriors, els representants de l&#8217;escola de disseny han descrit aquestes experi\u00e8ncies a Argraf com a aut\u00e8ntiques &#8220;classes magistrals&#8221; per als estudiants, gr\u00e0cies a la combinaci\u00f3 de teoria, pr\u00e0ctica i contacte directe amb professionals en actiu. En el cas de la planta de Rub\u00ed, el valor afegit rau en mostrar una especialitzaci\u00f3 estretament vinculada a la regi\u00f3: etiquetes autoadhesives i d&#8217;enganxar per al sector del cava i del vi escum\u00f3s.<\/p>\n\n<p><strong>IFP Antoni Alguer\u00f3: un viver de talent gr\u00e0fic<\/strong><\/p>\n\n<p>L&#8217;IFP Antoni Alguer\u00f3 destaca per oferir una \u00e0mplia gamma de cursos de formaci\u00f3 professional de nivell intermedi i avan\u00e7at vinculats al sector de les arts gr\u00e0fiques i el disseny, des d&#8217;Impressi\u00f3 Gr\u00e0fica i Postimpressi\u00f3 i Acabat fins a Preimpressi\u00f3 Digital i Disseny i Edici\u00f3 de Publicacions Impreses i Multim\u00e8dia. Aquesta especialitzaci\u00f3 converteix el centre en un veritable viver de t\u00e8cnics i operaris qualificats, estretament alineat amb les necessitats de les empreses capdavanteres com ara el Grupo Argraf.<\/p>\n\n<p>El contacte amb la realitat industrial \u00e9s clau perqu\u00e8 els estudiants entenguin la import\u00e0ncia dels processos, la precisi\u00f3 t\u00e8cnica i la coordinaci\u00f3 d&#8217;equip en la producci\u00f3 gr\u00e0fica. Visites com la d&#8217;Argraf Catalu\u00f1a porten a l&#8217;aula conceptes com la gesti\u00f3 de la producci\u00f3, l&#8217;optimitzaci\u00f3 de recursos, la sostenibilitat dels materials i les tend\u00e8ncies en l&#8217;etiquetatge d&#8217;aliments i begudes.<\/p>\n\n<p><strong>Comprom\u00eds amb la formaci\u00f3 i la societat<\/strong><\/p>\n\n<p>La col\u00b7laboraci\u00f3 amb centres educatius no \u00e9s un esdeveniment puntual a Grupo Argraf, sin\u00f3 una l\u00ednia de treball consolidada dins del seu comprom\u00eds social i la seva dedicaci\u00f3 a desenvolupar joves talents. L&#8217;empresa participa en iniciatives com el patrocini del concurs EtiquetaNews i obre les seves instal\u00b7lacions a escoles de disseny i organitzacions socials, oferint visites guiades i xerrades t\u00e8cniques.<\/p>\n\n<p>Aquest comprom\u00eds tamb\u00e9 s&#8217;est\u00e9n als projectes amb organitzacions que treballen amb joves i adolescents, com la Fundaci\u00f3n Pioneros, on les visites a Argraf es converteixen en una oportunitat per descobrir el sector gr\u00e0fic i motivar vocacions. En tots aquests casos, la premissa \u00e9s la mateixa: compartir experi\u00e8ncia, mostrar la realitat del mercat i demostrar que l&#8217;etiquetatge i l&#8217;embalatge s\u00f3n palanques de valor per a les marques, la cultura i el medi ambient.<\/p>\n\n<p><strong>Etiquetes, creativitat i futur professional<\/strong><\/p>\n\n<p>L&#8217;etiquetatge alimentari, i en particular el de vi, \u00e9s ara un element estrat\u00e8gic de diferenciaci\u00f3 en mercats cada cop m\u00e9s competitius. La combinaci\u00f3 de disseny, innovaci\u00f3 en materials i acabats d&#8217;alta qualitat converteix les etiquetes en una eina clau per construir marques, transmetre l&#8217;origen i connectar amb els consumidors.<\/p>\n\n<p>En obrir les seves instal\u00b7lacions a centres com l&#8217;IFP Antoni Alguer\u00f3, el Grup Argraf ajuda els futurs professionals de les arts gr\u00e0fiques a descobrir de primera m\u00e0 el potencial creatiu i t\u00e8cnic d&#8217;aquest sector. Es tracta d&#8217;un ferm comprom\u00eds amb el talent, la formaci\u00f3 i el futur d&#8217;una ind\u00fastria de les arts gr\u00e0fiques que vol continuar sent un referent en innovaci\u00f3, qualitat i servei per a les marques d&#8217;alimentaci\u00f3 i vi, tant dins com fora de les nostres fronteres.<\/p>\n","protected":false},"excerpt":{"rendered":"<p>Grupo Argraf ha obert de nou les portes de la seva seu Argraf Catalu\u00f1a a Rub\u00ed a la comunitat educativa de les arts gr\u00e0fiques, aquesta vegada donant la benvinguda a estudiants de l&#8217;IFP Antoni Alguer\u00f3, un dels principals centres de formaci\u00f3 en arts gr\u00e0fiques i disseny de Catalunya. La visita refor\u00e7a el comprom\u00eds de l&#8217;empresa&hellip;<\/p>\n","protected":false},"author":2,"featured_media":9348,"comment_status":"closed","ping_status":"closed","sticky":false,"template":"","format":"standard","meta":{"_acf_changed":false,"footnotes":""},"categories":[327],"tags":[],"yst_prominent_words":[],"class_list":["post-9347","post","type-post","status-publish","format-standard","has-post-thumbnail","hentry","category-arts-grafiques","category-327","description-off"],"acf":[],"_links":{"self":[{"href":"https:\/\/www.grupoargraf.com\/ca\/wp-json\/wp\/v2\/posts\/9347","targetHints":{"allow":["GET"]}}],"collection":[{"href":"https:\/\/www.grupoargraf.com\/ca\/wp-json\/wp\/v2\/posts"}],"about":[{"href":"https:\/\/www.grupoargraf.com\/ca\/wp-json\/wp\/v2\/types\/post"}],"author":[{"embeddable":true,"href":"https:\/\/www.grupoargraf.com\/ca\/wp-json\/wp\/v2\/users\/2"}],"replies":[{"embeddable":true,"href":"https:\/\/www.grupoargraf.com\/ca\/wp-json\/wp\/v2\/comments?post=9347"}],"version-history":[{"count":2,"href":"https:\/\/www.grupoargraf.com\/ca\/wp-json\/wp\/v2\/posts\/9347\/revisions"}],"predecessor-version":[{"id":9360,"href":"https:\/\/www.grupoargraf.com\/ca\/wp-json\/wp\/v2\/posts\/9347\/revisions\/9360"}],"wp:featuredmedia":[{"embeddable":true,"href":"https:\/\/www.grupoargraf.com\/ca\/wp-json\/wp\/v2\/media\/9348"}],"wp:attachment":[{"href":"https:\/\/www.grupoargraf.com\/ca\/wp-json\/wp\/v2\/media?parent=9347"}],"wp:term":[{"taxonomy":"category","embeddable":true,"href":"https:\/\/www.grupoargraf.com\/ca\/wp-json\/wp\/v2\/categories?post=9347"},{"taxonomy":"post_tag","embeddable":true,"href":"https:\/\/www.grupoargraf.com\/ca\/wp-json\/wp\/v2\/tags?post=9347"},{"taxonomy":"yst_prominent_words","embeddable":true,"href":"https:\/\/www.grupoargraf.com\/ca\/wp-json\/wp\/v2\/yst_prominent_words?post=9347"}],"curies":[{"name":"wp","href":"https:\/\/api.w.org\/{rel}","templated":true}]}}