{"id":9146,"date":"2025-09-09T11:34:58","date_gmt":"2025-09-09T09:34:58","guid":{"rendered":"https:\/\/www.grupoargraf.com\/energia-solar-i-processos-eficients-el-nostre-compromis-mes-enlla-de-la-impressio\/"},"modified":"2025-09-09T11:49:29","modified_gmt":"2025-09-09T09:49:29","slug":"energia-solar-i-processos-eficients-el-nostre-compromis-mes-enlla-de-la-impressio","status":"publish","type":"post","link":"https:\/\/www.grupoargraf.com\/ca\/energia-solar-i-processos-eficients-el-nostre-compromis-mes-enlla-de-la-impressio\/","title":{"rendered":"Energia solar i processos eficients: el nostre comprom\u00eds m\u00e9s enll\u00e0 de la impressi\u00f3"},"content":{"rendered":"\n<p>A Grupo Argraf, entenem que la sostenibilitat no \u00e9s nom\u00e9s una tend\u00e8ncia, sin\u00f3 una responsabilitat que assumim amb cada etiqueta que produ\u00efm. Per aix\u00f2, hem integrat pr\u00e0ctiques ecol\u00f2giques en tots els nostres processos, des de l\u2019elecci\u00f3 de materials fins a l\u2019optimitzaci\u00f3 energ\u00e8tica de les nostres instal\u00b7lacions.<br\/><\/p>\n\n<h2 class=\"wp-block-heading\"><h3><b>Energia solar: apostant per l\u2019autoconsum<\/b><\/h3><\/h2>\n\n<p><span style=\"font-weight: 400;\">El 2023 vam instal\u00b7lar un sistema de <\/span><b>panells solars fotovoltaics<\/b><span style=\"font-weight: 400;\"> a la nostra seu d\u2019Oy\u00f3n amb l\u2019objectiu de generar energia neta i reduir la nostra empremta de carboni. Aquesta iniciativa no nom\u00e9s contribueix a la cura del medi ambient, sin\u00f3 que tamb\u00e9 millora l\u2019efici\u00e8ncia operativa, cosa que es tradueix en una major qualitat dels nostres productes i un millor servei als nostres clients.<\/span><\/p>\n\n<h2 class=\"wp-block-heading\"><h3><b>Optimitzaci\u00f3 de residus: tintes i envasos m\u00e9s sostenibles<\/b><\/h3><\/h2>\n\n<p><span style=\"font-weight: 400;\">Un altre pas important en el nostre comprom\u00eds amb la sostenibilitat ha estat la implementaci\u00f3 d\u2019un nou procediment de dispensaci\u00f3 de tintes. Aquest sistema utilitza <\/span><b>bidons de gran mida amb bombes de dispensaci\u00f3<\/b><span style=\"font-weight: 400;\">, cosa que redueix significativament el consum d\u2019envasos m\u00e9s petits i la generaci\u00f3 de residus. A m\u00e9s, hem incrementat l\u2019\u00fas de <\/span><b>papers reciclats<\/b><span style=\"font-weight: 400;\"> en la producci\u00f3 de les nostres etiquetes, contribuint a l\u2019economia circular i reduint la demanda de recursos verges.<\/span><\/p>\n\n<h2 class=\"wp-block-heading\"><h3><b>Innovaci\u00f3 constant: cap a un futur m\u00e9s verd<\/b><\/h3><\/h2>\n\n<p><span style=\"font-weight: 400;\">El 2024 vam destinar <\/span><b>5 milions d\u2019euros<\/b><span style=\"font-weight: 400;\"> a l\u2019adquisici\u00f3 de nova maquin\u00e0ria i a la reestructuraci\u00f3 organitzativa, consolidant la nostra posici\u00f3 com a referent en la producci\u00f3 d\u2019etiquetes autoadhesives. Aquesta inversi\u00f3 no nom\u00e9s millora la nostra efici\u00e8ncia i productivitat, sin\u00f3 que tamb\u00e9 refor\u00e7a el nostre comprom\u00eds amb la sostenibilitat i el respecte al medi ambient.<\/span><\/p>\n\n<h2 class=\"wp-block-heading\"><h2><b>Comprom\u00eds amb la societat i el medi ambient<\/b><\/h2><\/h2>\n\n<p>A Grupo Argraf no entenem la millora i la innovaci\u00f3 constant si no van acompanyades de fortes inversions i d\u2019una aposta decidida per la sostenibilitat. Volem aportar valor positiu i deixar un m\u00f3n millor als nostres successors, per aix\u00f2 hem adquirit un comprom\u00eds amb la nostra societat i el medi ambient.<\/p>\n<div class=\"wp-block-image\">\n<figure class=\"aligncenter size-full\"><img decoding=\"async\" src=\"https:\/\/www.grupoargraf.com\/wp-content\/uploads\/2025\/09\/ARGRAF-arti&#x301;culo-placas-solares-2.png\" alt=\"\" class=\"wp-image-9140\"\/><\/figure>\n<\/div>","protected":false},"excerpt":{"rendered":"<p>A Grupo Argraf, entenem que la sostenibilitat no \u00e9s nom\u00e9s una tend\u00e8ncia, sin\u00f3 una responsabilitat que assumim amb cada etiqueta que produ\u00efm. Per aix\u00f2, hem integrat pr\u00e0ctiques ecol\u00f2giques en tots els nostres processos, des de l\u2019elecci\u00f3 de materials fins a l\u2019optimitzaci\u00f3 energ\u00e8tica de les nostres instal\u00b7lacions. Energia solar: apostant per l\u2019autoconsum El 2023 vam instal\u00b7lar&hellip;<\/p>\n","protected":false},"author":2,"featured_media":9137,"comment_status":"closed","ping_status":"closed","sticky":false,"template":"","format":"standard","meta":{"_acf_changed":false,"footnotes":""},"categories":[293],"tags":[],"yst_prominent_words":[],"class_list":["post-9146","post","type-post","status-publish","format-standard","has-post-thumbnail","hentry","category-noticies","category-293","description-off"],"acf":[],"_links":{"self":[{"href":"https:\/\/www.grupoargraf.com\/ca\/wp-json\/wp\/v2\/posts\/9146","targetHints":{"allow":["GET"]}}],"collection":[{"href":"https:\/\/www.grupoargraf.com\/ca\/wp-json\/wp\/v2\/posts"}],"about":[{"href":"https:\/\/www.grupoargraf.com\/ca\/wp-json\/wp\/v2\/types\/post"}],"author":[{"embeddable":true,"href":"https:\/\/www.grupoargraf.com\/ca\/wp-json\/wp\/v2\/users\/2"}],"replies":[{"embeddable":true,"href":"https:\/\/www.grupoargraf.com\/ca\/wp-json\/wp\/v2\/comments?post=9146"}],"version-history":[{"count":2,"href":"https:\/\/www.grupoargraf.com\/ca\/wp-json\/wp\/v2\/posts\/9146\/revisions"}],"predecessor-version":[{"id":9155,"href":"https:\/\/www.grupoargraf.com\/ca\/wp-json\/wp\/v2\/posts\/9146\/revisions\/9155"}],"wp:featuredmedia":[{"embeddable":true,"href":"https:\/\/www.grupoargraf.com\/ca\/wp-json\/wp\/v2\/media\/9137"}],"wp:attachment":[{"href":"https:\/\/www.grupoargraf.com\/ca\/wp-json\/wp\/v2\/media?parent=9146"}],"wp:term":[{"taxonomy":"category","embeddable":true,"href":"https:\/\/www.grupoargraf.com\/ca\/wp-json\/wp\/v2\/categories?post=9146"},{"taxonomy":"post_tag","embeddable":true,"href":"https:\/\/www.grupoargraf.com\/ca\/wp-json\/wp\/v2\/tags?post=9146"},{"taxonomy":"yst_prominent_words","embeddable":true,"href":"https:\/\/www.grupoargraf.com\/ca\/wp-json\/wp\/v2\/yst_prominent_words?post=9146"}],"curies":[{"name":"wp","href":"https:\/\/api.w.org\/{rel}","templated":true}]}}