{"id":8569,"date":"2025-05-06T14:21:38","date_gmt":"2025-05-06T12:21:38","guid":{"rendered":"https:\/\/www.grupoargraf.com\/dia-mundial-del-diseno\/"},"modified":"2025-05-07T11:08:50","modified_gmt":"2025-05-07T09:08:50","slug":"dia-mundial-del-disseny","status":"publish","type":"post","link":"https:\/\/www.grupoargraf.com\/ca\/dia-mundial-del-disseny\/","title":{"rendered":"Dia mundial del disseny"},"content":{"rendered":"<div class=\"wpb-content-wrapper\"><p>[vc_row][vc_column][vc_column_text css=&#8221;&#8221;]<\/p>\n<h2><b>Quin paper juga el disseny en un mercat tan competitiu com el del vi?<\/b><\/h2>\n<h3><b>PREGUNTEM A DISSENYADORS<\/b><\/h3>\n<p><span style=\"font-weight: 400;\">Amb motiu del Dia Mundial del Disseny, des de Grupo Argraf hem volgut posar el focus en qui dona forma al que sovint ens fa triar una ampolla: el disseny de la seva etiqueta. Feli\u00e7 dia, dissenyadors!<\/span><\/p>\n<p><span style=\"font-weight: 400;\">En un mercat tan competitiu com el del vi, el disseny no \u00e9s nom\u00e9s est\u00e8tica: \u00e9s identitat, \u00e9s missatge, \u00e9s emoci\u00f3. I si hi ha alg\u00fa que en sap, s\u00f3n els dissenyadors amb qui tenim la sort de col\u00b7laborar. Grans professionals i, a m\u00e9s, grans amics.<\/span><\/p>\n<p><span style=\"font-weight: 400;\">Aqu\u00ed teniu algunes de les seves reflexions:<\/span>[\/vc_column_text][\/vc_column][\/vc_row][vc_row][vc_column width=&#8221;1\/2&#8243;][vc_single_image image=&#8221;8521&#8243; img_size=&#8221;full&#8221; css=&#8221;&#8221;][\/vc_column][vc_column width=&#8221;1\/2&#8243;][vc_column_text css=&#8221;&#8221;]<b>Carles Sala<\/b><b><br \/>\n<\/b><span style=\"font-weight: 400;\">Bulldog Studio<\/span><span style=\"font-weight: 400;\"><br \/>\n<\/span><span style=\"font-weight: 400;\"><br \/>\n<\/span><em><span style=\"font-weight: 400;\">El valor tangible d&#8217;una marca \u00e9s all\u00f2 que el consumidor percep d\u2019ella. El disseny \u00e9s l&#8217;eina que tenen els cellers per elevar aquesta percepci\u00f3. Aconseguir atreure i captar nous clients gr\u00e0cies a una percepci\u00f3 de qualitat dels seus productes \u00e9s el que assolim amb un bon disseny.<\/span><\/em>[\/vc_column_text][\/vc_column][\/vc_row][vc_row][vc_column width=&#8221;1\/2&#8243;][vc_column_text css=&#8221;&#8221;]<b>Anna Serra<\/b><b><br \/>\n<\/b><span style=\"font-weight: 400;\">Grow<\/span><span style=\"font-weight: 400;\"><br \/>\n<\/span><span style=\"font-weight: 400;\"><br \/>\n<\/span><em><span style=\"font-weight: 400;\">El disseny \u00e9s clau per destacar en un mercat tan saturat com el del vi. No nom\u00e9s comunica l\u2019origen i els valors, sin\u00f3 que connecta emocionalment amb el consumidor. M\u00e9s que decorar l&#8217;ampolla, el disseny sedueix, explica hist\u00f2ries i ven. \u00c9s el primer glop, abans fins i tot de destapar l&#8217;ampolla \u2014 el venedor silenci\u00f3s.<\/span><\/em>[\/vc_column_text][\/vc_column][vc_column width=&#8221;1\/2&#8243;][vc_single_image image=&#8221;8525&#8243; img_size=&#8221;full&#8221; css=&#8221;&#8221;][\/vc_column][\/vc_row][vc_row][vc_column width=&#8221;1\/2&#8243;][vc_single_image image=&#8221;8529&#8243; img_size=&#8221;full&#8221; css=&#8221;&#8221;][\/vc_column][vc_column width=&#8221;1\/2&#8243;][vc_column_text css=&#8221;&#8221;]<b>Pep Bad\u00eda<\/b><b><br \/>\n<\/b><span style=\"font-weight: 400;\">Morillas Brand Consultants<\/span><\/p>\n<p>&nbsp;<\/p>\n<p><em><span style=\"font-weight: 400;\">Abans de tastar un vi, el veiem. En l\u2019univers saturat del vi, el disseny de l\u2019etiqueta \u00e9s l\u2019inici de l\u2019experi\u00e8ncia i el primer cap\u00edtol de la seva narrativa. El seu paper \u00e9s, si cal, encara m\u00e9s vital que en altres sectors. En els pocs segons de decisi\u00f3 davant una gran oferta, un disseny intel\u00b7ligent comunica instant\u00e0niament l\u2019ess\u00e8ncia del vi: el seu origen, la seva qualitat i la seva personalitat. Cada detall compta: des de la puresa d\u2019una composici\u00f3 minimalista o la selecci\u00f3 del paper, fins a la riquesa visual i sensorial que aporten acabats especials com el stamping. Gr\u00e0cies a les tecnologies d\u2019impressi\u00f3 avan\u00e7ades, efectes com el stamping \u2014abans reservats a la gamma alta\u2014 avui s\u00f3n m\u00e9s accessibles, permetent afegir un valor distintiu en un ventall de preus molt m\u00e9s ampli i oferint al dissenyador un gran nombre de possibilitats creatives. Les marques que entenen que el disseny \u00e9s un llenguatge que connecta a primera vista \u2014ja siguin emergents o consolidades\u2014 s\u00f3n les que guanyen la batalla per l\u2019atenci\u00f3. En canvi, les que en subestimen el poder, senzillament deixen de ser escollides.<\/span><\/em>[\/vc_column_text][\/vc_column][\/vc_row][vc_row][vc_column width=&#8221;1\/2&#8243;][vc_column_text css=&#8221;&#8221;]<b>Miguel \u00c1ngel Del Ba\u00f1o<\/b><\/p>\n<p><span style=\"font-weight: 400;\">Maba<\/span><span style=\"font-weight: 400;\"><br \/>\n<\/span><span style=\"font-weight: 400;\"><br \/>\n<\/span><\/p>\n<p><em><span style=\"font-weight: 400;\">En un mercat tan competitiu i saturat com el del vi, el disseny t\u00e9 un paper fonamental. Per\u00f2 parlem de disseny estrat\u00e8gic, un disseny que ent\u00e9n la necessitat, el moment i el context d\u2019aquest sector de manera personalitzada per a cada client. Quan coneixes b\u00e9 el teu client, quan entens les seves necessitats i hi sumes la reflexi\u00f3, l\u2019experi\u00e8ncia i el coneixement del mercat, pots fer quelcom molt a mida, que li escau perfectament i amb el que se sent representat i c\u00f2mode per sortir a competir mostrant qui \u00e9s realment.<\/span><\/em><\/p>\n<p><em><span style=\"font-weight: 400;\">El disseny per a nosaltres \u00e9s fonamental, per\u00f2 ha de ser a mida. \u00c9s com la roba: pots comprar qualsevol cosa i anar a una festa, per\u00f2 mai anir\u00e0s tan b\u00e9 com amb un vestit fet a mida, que et fa sentir fort, segur i representat. Un vestit amb el qual no calen discursos for\u00e7ats.<\/span><\/em><\/p>\n<p><em><span style=\"font-weight: 400;\">Per aix\u00f2, el disseny \u00e9s imprescindible. Un disseny estrat\u00e8gic, fet a mida, honest i adaptat a les necessitats reals de cada client.<\/span><\/em>[\/vc_column_text][\/vc_column][vc_column width=&#8221;1\/2&#8243;][vc_single_image image=&#8221;8533&#8243; img_size=&#8221;full&#8221; css=&#8221;&#8221;][\/vc_column][\/vc_row][vc_row][vc_column width=&#8221;1\/2&#8243;][vc_single_image image=&#8221;8537&#8243; img_size=&#8221;full&#8221; css=&#8221;&#8221;][\/vc_column][vc_column width=&#8221;1\/2&#8243;][vc_column_text css=&#8221;&#8221;]<b>Javier Euba<\/b><b><br \/>\n<\/b><span style=\"font-weight: 400;\">Moruba<\/span><span style=\"font-weight: 400;\"><br \/>\n<\/span><span style=\"font-weight: 400;\"><br \/>\n<\/span><em><span style=\"font-weight: 400;\">El disseny \u00e9s un factor clau per a qualsevol producte, i per al vi especialment, amb la quantitat de marques, denominacions, varietats, etc., \u00e9s vital.<\/span><span style=\"font-weight: 400;\"><br \/>\n<\/span><span style=\"font-weight: 400;\">Un bon disseny de packaging ajuda a generar reconeixement. El consumidor entendr\u00e0 millor el producte i viur\u00e0 una experi\u00e8ncia positiva amb la marca.<\/span><span style=\"font-weight: 400;\"><br \/>\n<\/span><span style=\"font-weight: 400;\">Triar un vi \u00e9s una tasca complexa, i aqu\u00ed entra en joc el disseny: un disseny memorable, ben executat i en sintonia amb el perfil del vi aconseguir\u00e0 destacar i ser una opci\u00f3 de compra real.<\/span><\/em>[\/vc_column_text][\/vc_column][\/vc_row][vc_row][vc_column width=&#8221;1\/2&#8243;][vc_column_text css=&#8221;&#8221;]<b>M\u00f3nica Vildoso<\/b><b><br \/>\n<\/b><span style=\"font-weight: 400;\">La Vildi<\/span><span style=\"font-weight: 400;\"><br \/>\n<\/span><span style=\"font-weight: 400;\"><br \/>\n<\/span><\/p>\n<p><em><span style=\"font-weight: 400;\">Per a mi, es tracta de provocar aquest \u201camor a primera vista\u201d amb el consumidor.<\/span><\/em><\/p>\n<p><em><span style=\"font-weight: 400;\">En un mercat tan saturat com el del vi, el disseny \u2014des de la forma de l\u2019ampolla fins a l\u2019etiqueta\u2014 \u00e9s la primera carta de presentaci\u00f3, i tamb\u00e9 de seducci\u00f3. Pot generar un aut\u00e8ntic enamorament&#8230; o, al contrari, un rebuig immediat. Aix\u00ed de poder\u00f3s \u00e9s aquest primer contacte emocional.<\/span><\/em><\/p>\n<p><em><span style=\"font-weight: 400;\">No es pot agradar a tothom. La clau \u00e9s expressar la personalitat del celler i del vi d\u2019una manera aut\u00e8ntica i prou atractiva per conquerir a qui es vol arribar.<\/span><\/em><\/p>\n<p><em><span style=\"font-weight: 400;\">I en aquest cam\u00ed, una vegada definit el disseny, els petits detalls marquen la difer\u00e8ncia: el tipus de lletra, el paper, els acabats d\u2019impressi\u00f3&#8230; Tot suma, perqu\u00e8 quan el disseny sedueix, tamb\u00e9 posiciona. I en el mercat, aix\u00f2 ho canvia tot.<\/span><\/em>[\/vc_column_text][\/vc_column][vc_column width=&#8221;1\/2&#8243;][vc_single_image image=&#8221;8541&#8243; img_size=&#8221;full&#8221; css=&#8221;&#8221;][\/vc_column][\/vc_row][vc_row][vc_column width=&#8221;1\/2&#8243;][vc_single_image image=&#8221;8545&#8243; img_size=&#8221;full&#8221; css=&#8221;&#8221;][\/vc_column][vc_column width=&#8221;1\/2&#8243;][vc_column_text css=&#8221;&#8221;]<b>Eva Arias<\/b><b><br \/>\n<\/b><span style=\"font-weight: 400;\">Eva Arias &#8211; Graphic Studio<\/span><span style=\"font-weight: 400;\"><br \/>\n<\/span><span style=\"font-weight: 400;\"><br \/>\n<\/span><\/p>\n<p><em><span style=\"font-weight: 400;\">En un mercat tan competitiu com el del vi, el disseny \u00e9s molt m\u00e9s que una q\u00fcesti\u00f3 est\u00e8tica: \u00e9s una eina estrat\u00e8gica poderosa al servei del celler.<\/span><\/em><\/p>\n<p><em><span style=\"font-weight: 400;\">\u00c9s clau per destacar i diferenciar-se, transmetent un missatge concret (la seva hist\u00f2ria, el que el fa \u00fanic) de manera que aconsegueixi atreure i connectar amb un p\u00fablic espec\u00edfic dins d\u2019un mercat determinat.<\/span><\/em><\/p>\n<p><em><span style=\"font-weight: 400;\">Un disseny atractiu i efica\u00e7, amb una estrat\u00e8gia s\u00f2lida i cura en els detalls, no nom\u00e9s capta l\u2019atenci\u00f3 visual, sin\u00f3 que tamb\u00e9 explica la hist\u00f2ria del vi, refor\u00e7a el valor percebut de la marca i crea una experi\u00e8ncia que fidelitza el client.<\/span><\/em>[\/vc_column_text][\/vc_column][\/vc_row][vc_row][vc_column width=&#8221;1\/2&#8243;][vc_column_text css=&#8221;&#8221;]<b>Carles Anad\u00f3n<\/b><b><br \/>\n<\/b><span style=\"font-weight: 400;\">Likit<\/span><\/p>\n<p><span style=\"font-weight: 400;\">\u00a0<\/span><\/p>\n<p><em><span style=\"font-weight: 400;\">Visitar una fira com la Barcelona Wine Week o ProWine \u00e9s com submergir-se en un oce\u00e0 d\u2019etiquetes, aromes i hist\u00f2ries per descobrir. Nacionalitats, varietats, criances, processos\u2026 l\u2019oferta sembla infinita. I enmig d\u2019aquest mar, cada ampolla lluita per captar un segon de la nostra atenci\u00f3.<\/span><\/em><\/p>\n<p><em><span style=\"font-weight: 400;\">Tots aquests atributs, per molt elaborats que siguin, no signifiquen res fins que no es destapa l\u2019ampolla. Abans d\u2019aix\u00f2, tot \u00e9s una promesa. I perqu\u00e8 alg\u00fa s\u2019animi a fer el primer glop, primer cal seduir-lo.<\/span><\/em><\/p>\n<p><em><span style=\"font-weight: 400;\">Aqu\u00ed \u00e9s on entra el disseny.<\/span><span style=\"font-weight: 400;\"><br \/>\n<\/span><span style=\"font-weight: 400;\">Aquest c\u00f2mplice subliminal que parla abans que el vi, que ens ajuda a explicar qui som sense paraules. Color, forma, textura, tipografia, ampolla\u2026 El disseny \u00e9s com una primera cita: o enamora, o passem p\u00e0gina.<\/span><\/em><\/p>\n<p><em><span style=\"font-weight: 400;\">Per\u00f2 alerta. El disseny per si sol no ho pot tot. Pot captar l\u2019atenci\u00f3, despertar la curiositat, fins i tot emocionar. El que converteix una bona idea en una marca inoblidable \u00e9s l\u2019estrat\u00e8gia. Nom\u00e9s amb estrat\u00e8gia, el disseny t\u00e9 sentit i es connecta amb un prop\u00f2sit clar.<\/span><\/em><\/p>\n<p><em><span style=\"font-weight: 400;\">Perqu\u00e8 en l\u2019actual mercat, on els h\u00e0bits de consum canvien a cada glop, necessitem m\u00e9s que bellesa. Necessitem direcci\u00f3. I \u00e9s en aquesta uni\u00f3 \u2014disseny i estrat\u00e8gia, emoci\u00f3 i ra\u00f3\u2014 on les marques troben el seu lloc i les ampolles, el seu dest\u00ed.<\/span><\/em>[\/vc_column_text][\/vc_column][vc_column width=&#8221;1\/2&#8243;][vc_single_image image=&#8221;8549&#8243; img_size=&#8221;full&#8221; css=&#8221;&#8221;][\/vc_column][\/vc_row][vc_row][vc_column][vc_column_text css=&#8221;&#8221;]<\/p>\n<h2><b>El disseny com a elecci\u00f3, emoci\u00f3 i estrat\u00e8gia<\/b><\/h2>\n<p><span style=\"font-weight: 400;\">Despr\u00e9s de llegir totes aquestes reflexions, queda clar que el disseny no \u00e9s un element decoratiu, sin\u00f3 una eina poderosa per comunicar, emocionar i destacar-se en un mercat tan exigent com el del vi. \u00c9s el primer contacte, la promesa visual, la guspira que desperta l\u2019inter\u00e8s del consumidor abans fins i tot de tastar el producte.<\/span><\/p>\n<p><span style=\"font-weight: 400;\">Des de Grupo Argraf, ens sentim orgullosos de formar part d\u2019aquest proc\u00e9s al costat de dissenyadors que entenen no nom\u00e9s d\u2019est\u00e8tica, sin\u00f3 tamb\u00e9 d\u2019estrat\u00e8gia, narrativa i sensibilitat.<\/span><\/p>\n<p><span style=\"font-weight: 400;\">A tots ells, gr\u00e0cies per inspirar-nos cada dia. I als que tamb\u00e9 trieu el vi amb els ulls, gr\u00e0cies per valorar la feina que hi ha darrere de cada etiqueta.<\/span>[\/vc_column_text][\/vc_column][\/vc_row]<\/p>\n<\/div>","protected":false},"excerpt":{"rendered":"<p>[vc_row][vc_column][vc_column_text css=&#8221;&#8221;] Quin paper juga el disseny en un mercat tan competitiu com el del vi? PREGUNTEM A DISSENYADORS Amb motiu del Dia Mundial del Disseny, des de Grupo Argraf hem volgut posar el focus en qui dona forma al que sovint ens fa triar una ampolla: el disseny de la seva etiqueta. Feli\u00e7 dia,&hellip;<\/p>\n","protected":false},"author":2,"featured_media":8581,"comment_status":"closed","ping_status":"closed","sticky":false,"template":"","format":"standard","meta":{"_acf_changed":false,"footnotes":""},"categories":[296],"tags":[],"yst_prominent_words":[],"class_list":["post-8569","post","type-post","status-publish","format-standard","has-post-thumbnail","hentry","category-entrevistes","category-296","description-off"],"acf":[],"_links":{"self":[{"href":"https:\/\/www.grupoargraf.com\/ca\/wp-json\/wp\/v2\/posts\/8569","targetHints":{"allow":["GET"]}}],"collection":[{"href":"https:\/\/www.grupoargraf.com\/ca\/wp-json\/wp\/v2\/posts"}],"about":[{"href":"https:\/\/www.grupoargraf.com\/ca\/wp-json\/wp\/v2\/types\/post"}],"author":[{"embeddable":true,"href":"https:\/\/www.grupoargraf.com\/ca\/wp-json\/wp\/v2\/users\/2"}],"replies":[{"embeddable":true,"href":"https:\/\/www.grupoargraf.com\/ca\/wp-json\/wp\/v2\/comments?post=8569"}],"version-history":[{"count":3,"href":"https:\/\/www.grupoargraf.com\/ca\/wp-json\/wp\/v2\/posts\/8569\/revisions"}],"predecessor-version":[{"id":8580,"href":"https:\/\/www.grupoargraf.com\/ca\/wp-json\/wp\/v2\/posts\/8569\/revisions\/8580"}],"wp:featuredmedia":[{"embeddable":true,"href":"https:\/\/www.grupoargraf.com\/ca\/wp-json\/wp\/v2\/media\/8581"}],"wp:attachment":[{"href":"https:\/\/www.grupoargraf.com\/ca\/wp-json\/wp\/v2\/media?parent=8569"}],"wp:term":[{"taxonomy":"category","embeddable":true,"href":"https:\/\/www.grupoargraf.com\/ca\/wp-json\/wp\/v2\/categories?post=8569"},{"taxonomy":"post_tag","embeddable":true,"href":"https:\/\/www.grupoargraf.com\/ca\/wp-json\/wp\/v2\/tags?post=8569"},{"taxonomy":"yst_prominent_words","embeddable":true,"href":"https:\/\/www.grupoargraf.com\/ca\/wp-json\/wp\/v2\/yst_prominent_words?post=8569"}],"curies":[{"name":"wp","href":"https:\/\/api.w.org\/{rel}","templated":true}]}}