{"id":7401,"date":"2024-08-21T11:51:29","date_gmt":"2024-08-21T09:51:29","guid":{"rendered":"https:\/\/www.grupoargraf.com\/noticies\/entrevista-con-javier-euba-cofundador-y-director-creativo-de-moruba-el-reto-siempre-sera-contar-con-un-buen-brief\/"},"modified":"2024-08-21T12:00:44","modified_gmt":"2024-08-21T10:00:44","slug":"entrevista-amb-javier-euba-cofundador-i-director-creatiu-de-moruba-el-repte-sempre-sera-comptar-amb-un-bon-brief","status":"publish","type":"post","link":"https:\/\/www.grupoargraf.com\/ca\/entrevista-amb-javier-euba-cofundador-i-director-creatiu-de-moruba-el-repte-sempre-sera-comptar-amb-un-bon-brief\/","title":{"rendered":"Entrevista amb Javier Euba, cofundador i Director Creatiu de Moruba: \u201cEl repte sempre ser\u00e0 comptar amb un bon brief\u201d"},"content":{"rendered":"<div class=\"wpb-content-wrapper\"><p>[vc_row][vc_column][vc_column_text css=&#8221;&#8221;]<\/p>\n<h2><strong>BALAN\u00c7 DE &#8220;SENSE L\u00cdMITS A LA TEVA CREATIVITAT&#8221; 2023<\/strong><\/h2>\n<p><strong>Javier Euba, cofundador i Director Creatiu de Moruba.<\/strong><\/p>\n<h2><span style=\"color: #030373;\"><strong>\u201cEl repte sempre ser\u00e0 comptar amb un bon brief\u201d<\/strong><\/span><\/h2>\n<p>Moruba \u00e9s des de la seva fundaci\u00f3 el 2008 un dels estudis de disseny gr\u00e0fic de refer\u00e8ncia quan parlem d&#8217;etiquetes de vi. El seu cofundador i Director Creatiu, Javier Euba, ja \u00e9s una de les cares habituals a les trobades &#8216;Sense L\u00edmits a la teva Creativitat&#8217;, i durant l&#8217;\u00faltima edici\u00f3 ens va dedicar uns minuts per aportar-nos la seva visi\u00f3 sobre l&#8217;esdeveniment i el que aquest aporta als professionals del disseny.[\/vc_column_text][\/vc_column][\/vc_row][vc_row][vc_column][vc_single_image image=&#8221;7389&#8243; img_size=&#8221;large&#8221; css=&#8221;&#8221;][\/vc_column][\/vc_row][vc_row][vc_column][vc_column_text css=&#8221;&#8221;]<strong>Qu\u00e8 \u00e9s el que aporta a nivell creatiu i professional l&#8217;esdeveniment &#8216;Sense L\u00edmits a la teva Creativitat de grup Argraf?<\/strong><\/p>\n<p>El que t\u00e9 de bo Argraf quan organitza el &#8216;Sense L\u00edmits&#8217; \u00e9s el contacte amb gent del sector, amb altres dissenyadors, compartir experi\u00e8ncies, veure les noves tecnologies, el que ells aporten, els patrocinadors\u2026\u00c9s un esdeveniment important.<\/p>\n<p><strong>Despr\u00e9s daquests dos dies de connexi\u00f3 amb altres professionals, quin creus que \u00e9s el proper gran repte en el disseny detiquetes?<\/strong><\/p>\n<p>B\u00e9, crec que el repte sempre \u00e9s el mateix: solucionar el problema que t\u00e9 el client amb un bon brief i amb una bona informaci\u00f3. Aquest problema sempre ser\u00e0 el mateix, canvieu la tecnologia o passin els anys.<\/p>\n<p><strong>Quin creus que ha estat el millor moment viscut en aquesta 5a edici\u00f3 de &#8216;Sense L\u00edmits a la teva Creativitat?<\/strong><\/p>\n<p>El team building ha estat un repte important, ha estat molt interessant compartir una experi\u00e8ncia col\u00b7laborativa amb gent amb qui mai has treballat.<\/p>\n<p>[\/vc_column_text][\/vc_column][\/vc_row][vc_row][vc_column][vc_video link=&#8221;https:\/\/youtu.be\/MV0NrPaF558&#8243; align=&#8221;center&#8221; css=&#8221;&#8221;][\/vc_column][\/vc_row][vc_row][vc_column][vc_column_text css=&#8221;&#8221;]<\/p>\n<p><strong>Resumeix l&#8217;esdeveniment &#8216;Sense L\u00edmits a la teva creativitat&#8217; en tres paraules&#8217;<\/strong><\/p>\n<p>Te&#8217;n dono quatre: \u201cCal fer m\u00e9s\u201d<\/p>\n<p><strong>Com t&#8217;imagines les etiquetes del futur?<\/strong><\/p>\n<p>Ben fetes! Crec que moltes vegades el futur intangible a qu\u00e8 ens referim de manera abstracta ens porta potser a termes m\u00e9s est\u00e8tics o termes m\u00e9s tecnol\u00f2gics, per\u00f2 crec que moltes vegades aquesta mena de q\u00fcestions ens evita pensar, reflexionar i fer les coses b\u00e9. Passi el que passi, el temps que passi, la tecnologia que hi hagi o els recursos que tinguem, aquest \u00e9s lassumpte.<\/p>\n<p><strong>Com pot millorar la teva feina el fet de compartir la teva experi\u00e8ncia amb professionals del sector d&#8217;impressi\u00f3 d&#8217;etiquetes?<\/strong><\/p>\n<p>Pels que ens dediquem al sector del vi ia estar etiquetant per a molts cellers, el fet de saber cont\u00ednuament quines s\u00f3n les tecnologies, els papers, els materials que podem implementar i utilitzar\u2026 Evidentment \u00e9s fonamental estar al corrent d&#8217;aquestes coses.<\/p>\n<p>[\/vc_column_text][vc_single_image image=&#8221;7393&#8243; img_size=&#8221;large&#8221; css=&#8221;&#8221;][vc_text_separator title=&#8221;https:\/\/moruba.es\/&#8221; css=&#8221;&#8221;][\/vc_column][\/vc_row][vc_row][vc_column][\/vc_column][\/vc_row]<\/p>\n<\/div>","protected":false},"excerpt":{"rendered":"<p>[vc_row][vc_column][vc_column_text css=&#8221;&#8221;] BALAN\u00c7 DE &#8220;SENSE L\u00cdMITS A LA TEVA CREATIVITAT&#8221; 2023 Javier Euba, cofundador i Director Creatiu de Moruba. \u201cEl repte sempre ser\u00e0 comptar amb un bon brief\u201d Moruba \u00e9s des de la seva fundaci\u00f3 el 2008 un dels estudis de disseny gr\u00e0fic de refer\u00e8ncia quan parlem d&#8217;etiquetes de vi. El seu cofundador i Director&hellip;<\/p>\n","protected":false},"author":2,"featured_media":7397,"comment_status":"closed","ping_status":"closed","sticky":false,"template":"","format":"standard","meta":{"_acf_changed":false,"footnotes":""},"categories":[296],"tags":[60,62],"yst_prominent_words":[168,155],"class_list":["post-7401","post","type-post","status-publish","format-standard","has-post-thumbnail","hentry","category-entrevistes","tag-disenadores-graficos","tag-sin-limites-a-tu-creatividad","category-296","description-off"],"acf":[],"_links":{"self":[{"href":"https:\/\/www.grupoargraf.com\/ca\/wp-json\/wp\/v2\/posts\/7401","targetHints":{"allow":["GET"]}}],"collection":[{"href":"https:\/\/www.grupoargraf.com\/ca\/wp-json\/wp\/v2\/posts"}],"about":[{"href":"https:\/\/www.grupoargraf.com\/ca\/wp-json\/wp\/v2\/types\/post"}],"author":[{"embeddable":true,"href":"https:\/\/www.grupoargraf.com\/ca\/wp-json\/wp\/v2\/users\/2"}],"replies":[{"embeddable":true,"href":"https:\/\/www.grupoargraf.com\/ca\/wp-json\/wp\/v2\/comments?post=7401"}],"version-history":[{"count":0,"href":"https:\/\/www.grupoargraf.com\/ca\/wp-json\/wp\/v2\/posts\/7401\/revisions"}],"wp:featuredmedia":[{"embeddable":true,"href":"https:\/\/www.grupoargraf.com\/ca\/wp-json\/wp\/v2\/media\/7397"}],"wp:attachment":[{"href":"https:\/\/www.grupoargraf.com\/ca\/wp-json\/wp\/v2\/media?parent=7401"}],"wp:term":[{"taxonomy":"category","embeddable":true,"href":"https:\/\/www.grupoargraf.com\/ca\/wp-json\/wp\/v2\/categories?post=7401"},{"taxonomy":"post_tag","embeddable":true,"href":"https:\/\/www.grupoargraf.com\/ca\/wp-json\/wp\/v2\/tags?post=7401"},{"taxonomy":"yst_prominent_words","embeddable":true,"href":"https:\/\/www.grupoargraf.com\/ca\/wp-json\/wp\/v2\/yst_prominent_words?post=7401"}],"curies":[{"name":"wp","href":"https:\/\/api.w.org\/{rel}","templated":true}]}}