{"id":5823,"date":"2024-01-31T14:08:35","date_gmt":"2024-01-31T13:08:35","guid":{"rendered":"https:\/\/www.grupoargraf.com\/albert-arque-business-sales-manager-de-comercial-arque-nosotros-proponemos-tendencias-pero-es-el-mercado-el-que-decide-que-materiales-utilizar\/"},"modified":"2024-03-03T15:40:30","modified_gmt":"2024-03-03T14:40:30","slug":"albert-arque-business-sales-manager-de-comercial-arque-nosaltres-proposem-tendencies-pero-es-el-mercat-el-que-decideix-quins-materials-fer-servir","status":"publish","type":"post","link":"https:\/\/www.grupoargraf.com\/ca\/albert-arque-business-sales-manager-de-comercial-arque-nosaltres-proposem-tendencies-pero-es-el-mercat-el-que-decideix-quins-materials-fer-servir\/","title":{"rendered":"Albert Arqu\u00e9, Business Sales Manager de Comercial Arqu\u00e9: \u201cNosaltres proposem tend\u00e8ncies, per\u00f2 \u00e9s el mercat el que decideix quins materials fer servir\u201d"},"content":{"rendered":"<div class=\"wpb-content-wrapper\"><p>[vc_row][vc_column][vc_column_text]<\/p>\n<h2>BALAN\u00c7 DE &#8220;SENSE L\u00cdMITS A LA TEVA CREATIVITAT&#8221; 2023<\/h2>\n<p><strong>Albert Arqu\u00e9, Business Sales Manager de Comercial Arqu\u00e9<\/strong><\/p>\n<h2><span style=\"color: #030373;\"><strong>\u201cNosaltres proposem tend\u00e8ncies, per\u00f2 \u00e9s el mercat el que decideix quins materials utilitzar\u201d <\/strong><\/span><\/h2>\n<p>Comercial Arqu\u00e9, l\u00edder en subministraments d&#8217;estampaci\u00f3 per calor i fred, va ser una de les empreses que va recolzar amb el seu patrocini la darrera edici\u00f3 de &#8216;Sense L\u00edmits a la teva Creativitat&#8217;. Albert Arqu\u00e9 \u00e9s el seu Business Sales Manager, i durant l&#8217;esdeveniment va compartir amb nosaltres la seva visi\u00f3 sobre el di\u00e0leg que s&#8217;estableix entre dissenyadors i prove\u00efdors i materials com a germen de les tend\u00e8ncies a l&#8217;etiquetatge.[\/vc_column_text][\/vc_column][\/vc_row][vc_row][vc_column][vc_single_image image=&#8221;5812&#8243; img_size=&#8221;large&#8221;][\/vc_column][\/vc_row][vc_row][vc_column][vc_column_text]<strong>Com a patrocinadors de &#8216;Sense L\u00edmits a la teva Creativitat&#8217;, qu\u00e8 creieu que \u00e9s el m\u00e9s important que aporteu als dissenyadors gr\u00e0fics amb la celebraci\u00f3 d&#8217;aquest esdeveniment?<\/strong><\/p>\n<p>Com a patrocinadors de l&#8217;esdeveniment i com a fabricants de pel\u00b7l\u00edcules d&#8217;estampaci\u00f3 per calor, aportem dissenys nous, colors i tend\u00e8ncies al voltant de tot all\u00f2 que t\u00e9 a veure amb l&#8217;estampaci\u00f3 per calor.<\/p>\n<p><strong>I a vosaltres qu\u00e8 us aporten aquests dies de contacte directe amb professionals del disseny d&#8217;alt nivell?<\/strong><\/p>\n<p>Per a nosaltres \u00e9s molt interessant poder estar aqu\u00ed amb tots els dissenyadors i poder aportar aquest granet de sorra professionalment, perqu\u00e8 podem canviar tot all\u00f2 referent al tema de com utilitzar les nostres eines amb els professionals, amb els impressors, i alhora poder introduir tots els materials nous que anem traient cada temporada.[\/vc_column_text][\/vc_column][\/vc_row][vc_row][vc_column][vc_video link=&#8221;https:\/\/youtu.be\/Is5_AQn4HYg&#8221; align=&#8221;center&#8221;][\/vc_column][\/vc_row][vc_row][vc_column][vc_column_text]<strong>\u00c9s &#8216;Sense L\u00edmits a la teva Creativitat&#8217; un punt de trobada on detectar les tend\u00e8ncies que v\u00e9nen en packaging i etiquetatge?<\/strong><\/p>\n<p>No \u00e9s detectar, nosaltres introdu\u00efm una nova tend\u00e8ncia de materials i es d\u00f3na la combinaci\u00f3 de parlar amb els dissenyadors i poder crear junts noves tend\u00e8ncies. Al final \u00e9s un intercanvi entre ells i nosaltres, al final \u00e9s el mercat el que decideix quins tipus de material utilitzar. Nosaltres no marcarem el mercat per on ha d&#8217;anar, sin\u00f3 que interactuem amb els dissenyadors i creem coses per veure si el mercat segueix una tend\u00e8ncia o una altra.[\/vc_column_text][vc_single_image image=&#8221;5816&#8243; img_size=&#8221;large&#8221;][vc_text_separator title=&#8221;https:\/\/www.arque.com\/&#8221;][\/vc_column][\/vc_row][vc_row][vc_column][\/vc_column][\/vc_row]<\/p>\n<\/div>","protected":false},"excerpt":{"rendered":"<p>[vc_row][vc_column][vc_column_text] BALAN\u00c7 DE &#8220;SENSE L\u00cdMITS A LA TEVA CREATIVITAT&#8221; 2023 Albert Arqu\u00e9, Business Sales Manager de Comercial Arqu\u00e9 \u201cNosaltres proposem tend\u00e8ncies, per\u00f2 \u00e9s el mercat el que decideix quins materials utilitzar\u201d Comercial Arqu\u00e9, l\u00edder en subministraments d&#8217;estampaci\u00f3 per calor i fred, va ser una de les empreses que va recolzar amb el seu patrocini la&hellip;<\/p>\n","protected":false},"author":2,"featured_media":5812,"comment_status":"closed","ping_status":"closed","sticky":false,"template":"","format":"standard","meta":{"_acf_changed":false,"footnotes":""},"categories":[296],"tags":[294,295],"yst_prominent_words":[],"class_list":["post-5823","post","type-post","status-publish","format-standard","has-post-thumbnail","hentry","category-entrevistes","tag-dissenyadors-grafics","tag-sense-limits-a-la-teva-creativitat","category-296","description-off"],"acf":[],"_links":{"self":[{"href":"https:\/\/www.grupoargraf.com\/ca\/wp-json\/wp\/v2\/posts\/5823","targetHints":{"allow":["GET"]}}],"collection":[{"href":"https:\/\/www.grupoargraf.com\/ca\/wp-json\/wp\/v2\/posts"}],"about":[{"href":"https:\/\/www.grupoargraf.com\/ca\/wp-json\/wp\/v2\/types\/post"}],"author":[{"embeddable":true,"href":"https:\/\/www.grupoargraf.com\/ca\/wp-json\/wp\/v2\/users\/2"}],"replies":[{"embeddable":true,"href":"https:\/\/www.grupoargraf.com\/ca\/wp-json\/wp\/v2\/comments?post=5823"}],"version-history":[{"count":0,"href":"https:\/\/www.grupoargraf.com\/ca\/wp-json\/wp\/v2\/posts\/5823\/revisions"}],"wp:featuredmedia":[{"embeddable":true,"href":"https:\/\/www.grupoargraf.com\/ca\/wp-json\/wp\/v2\/media\/5812"}],"wp:attachment":[{"href":"https:\/\/www.grupoargraf.com\/ca\/wp-json\/wp\/v2\/media?parent=5823"}],"wp:term":[{"taxonomy":"category","embeddable":true,"href":"https:\/\/www.grupoargraf.com\/ca\/wp-json\/wp\/v2\/categories?post=5823"},{"taxonomy":"post_tag","embeddable":true,"href":"https:\/\/www.grupoargraf.com\/ca\/wp-json\/wp\/v2\/tags?post=5823"},{"taxonomy":"yst_prominent_words","embeddable":true,"href":"https:\/\/www.grupoargraf.com\/ca\/wp-json\/wp\/v2\/yst_prominent_words?post=5823"}],"curies":[{"name":"wp","href":"https:\/\/api.w.org\/{rel}","templated":true}]}}