{"id":4694,"date":"2023-05-15T16:57:00","date_gmt":"2023-05-15T14:57:00","guid":{"rendered":"https:\/\/www.grupoargraf.com\/2023\/05\/15\/grupo-argraf-patrocina-el-barrio-de-la-estacion-international-wine-encounters-2023\/"},"modified":"2024-03-03T11:47:10","modified_gmt":"2024-03-03T10:47:10","slug":"grup-argraf-patrocina-el-barri-de-lestacio-international-wine-encounters-2023","status":"publish","type":"post","link":"https:\/\/www.grupoargraf.com\/ca\/grup-argraf-patrocina-el-barri-de-lestacio-international-wine-encounters-2023\/","title":{"rendered":"Grup Argraf patrocina el Barri de l&#8217;Estaci\u00f3 International Wine Encounters 2023"},"content":{"rendered":"<div class=\"wpb-content-wrapper\"><p>[vc_row][vc_column][vc_column_text]En la segona edici\u00f3, celebrada el 8 de maig passat, Grupo Argraf va tornar a apostar pel suport als cellers i al seu entorn. Aix\u00ed vam tornar a ser patrocinadors, juntament amb un grup de grans empreses nacionals i internacionals, del Barri de l&#8217;Estaci\u00f3 International Wine Encounters II: Barolo i Barbaresco organitzat per l&#8217;Associaci\u00f3 del Barri de l&#8217;Estaci\u00f3 d&#8217;Haro.<\/p>\n<p><img loading=\"lazy\" decoding=\"async\" class=\"aligncenter wp-image-4684 size-full\" src=\"https:\/\/www.grupoargraf.com\/wp-content\/uploads\/2023\/05\/Grupo-Argraf-Impresion-de-etiquetas-Patrocinio-ABE-04.jpg\" alt=\"\" width=\"826\" height=\"590\" srcset=\"https:\/\/www.grupoargraf.com\/wp-content\/uploads\/2023\/05\/Grupo-Argraf-Impresion-de-etiquetas-Patrocinio-ABE-04.jpg 826w, https:\/\/www.grupoargraf.com\/wp-content\/uploads\/2023\/05\/Grupo-Argraf-Impresion-de-etiquetas-Patrocinio-ABE-04-300x214.jpg 300w, https:\/\/www.grupoargraf.com\/wp-content\/uploads\/2023\/05\/Grupo-Argraf-Impresion-de-etiquetas-Patrocinio-ABE-04-768x549.jpg 768w\" sizes=\"auto, (max-width: 826px) 100vw, 826px\" \/><\/p>\n<p>En aquest esdeveniment es van donar cita m\u00e9s de 500 professionals de tot Espanya que van gaudir d&#8217;aquest agermanament enol\u00f2gic entre Rioja i Piemont, dues zones unides per l&#8217;eleg\u00e0ncia, la distinci\u00f3 i la capacitat de guarda dels seus vins.<\/p>\n<p>Aix\u00ed es van poder gaudir dels vins d&#8217;alt\u00edssima qualitat dels cellers de la Rioja CVNE, Cellers Muga, G\u00f3mez Cruzado, La Rioja Alta, S.A. i Cellers RODA que van compartir sal\u00f3 de vins amb els cellers procedents del Piemont itali\u00e0 Cavallotto, Ceretto, G. D. Vajra, Tenute Cisa Asinari dei Marchesi di Gr\u00e9sy, Marchesi di Barolo i Roagna. Tota una fita a nivell nacional i un esdeveniment de refer\u00e8ncia del sector que, com no podia ser altrament, va comptar amb el suport del l\u00edder en impressi\u00f3 d&#8217;etiquetes per a vi com \u00e9s el Grup Argraf.<\/p>\n<p><img loading=\"lazy\" decoding=\"async\" class=\"aligncenter wp-image-4680 size-full\" src=\"https:\/\/www.grupoargraf.com\/wp-content\/uploads\/2023\/05\/Grupo-Argraf-Impresion-de-etiquetas-Patrocinio-ABE-02.jpg\" alt=\"\" width=\"826\" height=\"590\" srcset=\"https:\/\/www.grupoargraf.com\/wp-content\/uploads\/2023\/05\/Grupo-Argraf-Impresion-de-etiquetas-Patrocinio-ABE-02.jpg 826w, https:\/\/www.grupoargraf.com\/wp-content\/uploads\/2023\/05\/Grupo-Argraf-Impresion-de-etiquetas-Patrocinio-ABE-02-300x214.jpg 300w, https:\/\/www.grupoargraf.com\/wp-content\/uploads\/2023\/05\/Grupo-Argraf-Impresion-de-etiquetas-Patrocinio-ABE-02-768x549.jpg 768w\" sizes=\"auto, (max-width: 826px) 100vw, 826px\" \/><\/p>\n<p>Durant la jornada, els cellers amfitrions van completar la jornada internacional amb un programa de tasts paral\u00b7lels. CVNE\u00a0va mostrar la diversitat que ofereix la varietat viura, gr\u00e0cies a les diferents elaboracions. Cellers Muga\u00a0tamb\u00e9 va voler rec\u00f3rrer la diversitat, en aquest cas, que aportar els seus diferents terroirs. D&#8217;altra banda, els tasts verticals van servir per mostrar l&#8217;evoluci\u00f3 amb el pas del temps aix\u00ed la personalitat de cada anyada al vi Cerro Las Cuevas, a G\u00f3mez Cruzado,\u00a0el Gran Reserva 904 a\u00a0La Rioja Alta, S.A. i CIRSI\u00d3 a\u00a0Colles RODA.<\/p>\n<p><img loading=\"lazy\" decoding=\"async\" class=\"aligncenter wp-image-4672 size-full\" src=\"https:\/\/www.grupoargraf.com\/wp-content\/uploads\/2023\/05\/Grupo-Argraf-Impresion-de-etiquetas-Patrocinio-ABE-03.jpg\" alt=\"\" width=\"826\" height=\"590\" srcset=\"https:\/\/www.grupoargraf.com\/wp-content\/uploads\/2023\/05\/Grupo-Argraf-Impresion-de-etiquetas-Patrocinio-ABE-03.jpg 826w, https:\/\/www.grupoargraf.com\/wp-content\/uploads\/2023\/05\/Grupo-Argraf-Impresion-de-etiquetas-Patrocinio-ABE-03-300x214.jpg 300w, https:\/\/www.grupoargraf.com\/wp-content\/uploads\/2023\/05\/Grupo-Argraf-Impresion-de-etiquetas-Patrocinio-ABE-03-768x549.jpg 768w\" sizes=\"auto, (max-width: 826px) 100vw, 826px\" \/><\/p>\n<p>Una gran sin\u00e8rgia col\u00b7laborativa entre cellers i empreses auxiliars del sector vitivin\u00edcola i que va permetre al personal de Grupo Argraf assitir a la trobada i estr\u00e8nyer lla\u00e7os professionals amb el m\u00f3n dels cellers a nivell nacional i internacional. D&#8217;aquesta manera complim amb un dels nostres objectius que \u00e9s impulsar i ajudar els cellers en el proc\u00e9s d&#8217;internacionalitzaci\u00f3 dels seus vins.[\/vc_column_text][\/vc_column][\/vc_row]<\/p>\n<\/div>","protected":false},"excerpt":{"rendered":"<p>[vc_row][vc_column][vc_column_text]En la segona edici\u00f3, celebrada el 8 de maig passat, Grupo Argraf va tornar a apostar pel suport als cellers i al seu entorn. Aix\u00ed vam tornar a ser patrocinadors, juntament amb un grup de grans empreses nacionals i internacionals, del Barri de l&#8217;Estaci\u00f3 International Wine Encounters II: Barolo i Barbaresco organitzat per l&#8217;Associaci\u00f3 del&hellip;<\/p>\n","protected":false},"author":2,"featured_media":4689,"comment_status":"closed","ping_status":"closed","sticky":false,"template":"","format":"standard","meta":{"_acf_changed":false,"footnotes":""},"categories":[293],"tags":[294,295],"yst_prominent_words":[138,141,131,87],"class_list":["post-4694","post","type-post","status-publish","format-standard","has-post-thumbnail","hentry","category-noticies","tag-dissenyadors-grafics","tag-sense-limits-a-la-teva-creativitat","category-293","description-off"],"acf":[],"_links":{"self":[{"href":"https:\/\/www.grupoargraf.com\/ca\/wp-json\/wp\/v2\/posts\/4694","targetHints":{"allow":["GET"]}}],"collection":[{"href":"https:\/\/www.grupoargraf.com\/ca\/wp-json\/wp\/v2\/posts"}],"about":[{"href":"https:\/\/www.grupoargraf.com\/ca\/wp-json\/wp\/v2\/types\/post"}],"author":[{"embeddable":true,"href":"https:\/\/www.grupoargraf.com\/ca\/wp-json\/wp\/v2\/users\/2"}],"replies":[{"embeddable":true,"href":"https:\/\/www.grupoargraf.com\/ca\/wp-json\/wp\/v2\/comments?post=4694"}],"version-history":[{"count":0,"href":"https:\/\/www.grupoargraf.com\/ca\/wp-json\/wp\/v2\/posts\/4694\/revisions"}],"wp:featuredmedia":[{"embeddable":true,"href":"https:\/\/www.grupoargraf.com\/ca\/wp-json\/wp\/v2\/media\/4689"}],"wp:attachment":[{"href":"https:\/\/www.grupoargraf.com\/ca\/wp-json\/wp\/v2\/media?parent=4694"}],"wp:term":[{"taxonomy":"category","embeddable":true,"href":"https:\/\/www.grupoargraf.com\/ca\/wp-json\/wp\/v2\/categories?post=4694"},{"taxonomy":"post_tag","embeddable":true,"href":"https:\/\/www.grupoargraf.com\/ca\/wp-json\/wp\/v2\/tags?post=4694"},{"taxonomy":"yst_prominent_words","embeddable":true,"href":"https:\/\/www.grupoargraf.com\/ca\/wp-json\/wp\/v2\/yst_prominent_words?post=4694"}],"curies":[{"name":"wp","href":"https:\/\/api.w.org\/{rel}","templated":true}]}}