{"id":4582,"date":"2023-03-22T11:29:14","date_gmt":"2023-03-22T10:29:14","guid":{"rendered":"https:\/\/www.grupoargraf.com\/2023\/03\/22\/el-reto-de-crear-la-etiqueta-del-futuro\/"},"modified":"2024-03-03T11:47:10","modified_gmt":"2024-03-03T10:47:10","slug":"el-repte-de-crear-letiqueta-del-futur","status":"publish","type":"post","link":"https:\/\/www.grupoargraf.com\/ca\/el-repte-de-crear-letiqueta-del-futur\/","title":{"rendered":"El repte de crear l&#8217;etiqueta del futur"},"content":{"rendered":"<div class=\"wpb-content-wrapper\"><p>[vc_row][vc_column][vc_column_text]A Grupo Argraf apostem per la innovaci\u00f3. Per aix\u00f2 la nostra creativitat no t\u00e9 l\u00edmits i si ho pots imaginar, nosaltres podem donar-li forma. D&#8217;aqu\u00ed que accept\u00e9ssim participar a la segona edici\u00f3 de Make a Mark Project. En concret, per fer l&#8217;etiqueta d&#8217;EXOD.<\/p>\n<p><img loading=\"lazy\" decoding=\"async\" class=\"aligncenter wp-image-4554 size-full\" src=\"https:\/\/www.grupoargraf.com\/wp-content\/uploads\/2023\/03\/Grupo-Argraf-Impresion-de-etiquetas-Etiqueta-Avery-03.jpg\" alt=\"Grupo-Argraf-Impresi\u00f3n-de-etiquetas-Etiqueta-Avery-03\" width=\"826\" height=\"790\" srcset=\"https:\/\/www.grupoargraf.com\/wp-content\/uploads\/2023\/03\/Grupo-Argraf-Impresion-de-etiquetas-Etiqueta-Avery-03.jpg 826w, https:\/\/www.grupoargraf.com\/wp-content\/uploads\/2023\/03\/Grupo-Argraf-Impresion-de-etiquetas-Etiqueta-Avery-03-300x287.jpg 300w, https:\/\/www.grupoargraf.com\/wp-content\/uploads\/2023\/03\/Grupo-Argraf-Impresion-de-etiquetas-Etiqueta-Avery-03-768x735.jpg 768w\" sizes=\"auto, (max-width: 826px) 100vw, 826px\" \/><\/p>\n<p>EXOD \u00e9s una reflexi\u00f3 sobre el futur; un spirit dissenyat per a l&#8217;espai, davant d&#8217;un potencial canvi clim\u00e0tic que ens obligui a fer un viatge cap a la superviv\u00e8ncia.<\/p>\n<p>En aquest projecte calien diversos sistemes d&#8217;impressi\u00f3 que reflectien aquest enfocament futurista. Sense cap dubte, i com reconeix Conchi Cuevas, la nostra directora comercial, \u201cprimer ens vam enfrontar a un material que ens arribava en una bobina enorme, que hav\u00edem de transformar en un full d&#8217;un format apte per a la impressi\u00f3, en una m\u00e0quina nova, i que a Grupo Argraf no hav\u00edem fet mai. Tamb\u00e9 calia treballar amb estampacions molt diferents, amb clix\u00e9s molt delicats de nano o microembossing\u201d.<\/p>\n<p><iframe loading=\"lazy\" title=\"El reto de crear la etiqueta del futuro\" width=\"1200\" height=\"675\" src=\"https:\/\/www.youtube.com\/embed\/hLPNFBjz2Gc?feature=oembed\" frameborder=\"0\" allow=\"accelerometer; autoplay; clipboard-write; encrypted-media; gyroscope; picture-in-picture; web-share\" allowfullscreen><\/iframe><\/p>\n<p>L&#8217;etiqueta per a EXOD comptava amb una t\u00e8cnica hologr\u00e0fica, acompanyada de diferents estampats en daurat i negre. I amb el nanogravat en relleu, s&#8217;havien incl\u00f2s les coordenades de Ross128b, el segon exoplaneta m\u00e9s proper a la Terra i que millors condicions reuneix per allotjar els \u00e9ssers humans.<\/p>\n<p>Un repte en maj\u00fascules i un desafiament molt interessant que assumim a Grupo Argraf i que acceptem sense pensar-ho quan Miguel Garc\u00eda, BDM Wine &amp; Spirits-Avery Dennison, ens ho va plantejar. Precisament Miguel Garc\u00eda ha reconegut que EXOD \u00e9s una de les feines m\u00e9s netes i modernes d&#8217;aquesta segona edici\u00f3.<\/p>\n<p><img loading=\"lazy\" decoding=\"async\" class=\"aligncenter wp-image-4558 size-full\" src=\"https:\/\/www.grupoargraf.com\/wp-content\/uploads\/2023\/03\/Grupo-Argraf-Impresion-de-etiquetas-Etiqueta-Avery-04.jpg\" alt=\"\" width=\"826\" height=\"790\" srcset=\"https:\/\/www.grupoargraf.com\/wp-content\/uploads\/2023\/03\/Grupo-Argraf-Impresion-de-etiquetas-Etiqueta-Avery-04.jpg 826w, https:\/\/www.grupoargraf.com\/wp-content\/uploads\/2023\/03\/Grupo-Argraf-Impresion-de-etiquetas-Etiqueta-Avery-04-300x287.jpg 300w, https:\/\/www.grupoargraf.com\/wp-content\/uploads\/2023\/03\/Grupo-Argraf-Impresion-de-etiquetas-Etiqueta-Avery-04-768x735.jpg 768w\" sizes=\"auto, (max-width: 826px) 100vw, 826px\" \/><\/p>\n<p>Make a Mark, ha explicat, va comen\u00e7ar fa tres anys. Una g\u00e8nesi en qu\u00e8 es van veure implicats tres partners principals: Leonhard Kurz, prove\u00efdor de stamping i tooling; Estal Packaging, d&#8217;ampolles; i Avery Dennison, de materials autoadhesius. \u201cMake a Mark \u00e9s una mica una bola de vidre, que ens avan\u00e7a qu\u00e8 passar\u00e0 en 5 o 10 anys\u201d. \u00c9s a dir, s&#8217;obre la porta a analitzar possibilitats noves perqu\u00e8 aquests projectes plantejats en aquesta iniciativa no tenen com a finalitat principal ser industrialitzables a curt termini, sin\u00f3 for\u00e7ar la m\u00e0quina perqu\u00e8 les ag\u00e8ncies poguessin donar la seva visi\u00f3 futurista i tinguessin una eina inspiradora.<\/p>\n<p>La sostenibilitat, base en els projectes<\/p>\n<p>Tot i aix\u00f2, s&#8217;ha apostat per la sostenibilitat en totes les creacions. Una aposta que compartim a Grupo Argraf, on disposem de papers ecol\u00f2gics o de m\u00ednim impacte mediambiental; a m\u00e9s d&#8217;oferir tintes elaborades a base de primeres mat\u00e8ries renovables i d&#8217;origen org\u00e0nic. Tamb\u00e9 estem en possessi\u00f3 del segell FSC\u00ae, que garanteix que l\u201forigen del paper que utilitzem prov\u00e9 d\u201fexplotacions forestals correctament gestionades en mat\u00e8ria mediambiental.<\/p>\n<p><img loading=\"lazy\" decoding=\"async\" class=\"aligncenter wp-image-4562 size-full\" src=\"https:\/\/www.grupoargraf.com\/wp-content\/uploads\/2023\/03\/Grupo-Argraf-Impresion-de-etiquetas-Etiqueta-Avery-05.jpg\" alt=\"\" width=\"826\" height=\"790\" srcset=\"https:\/\/www.grupoargraf.com\/wp-content\/uploads\/2023\/03\/Grupo-Argraf-Impresion-de-etiquetas-Etiqueta-Avery-05.jpg 826w, https:\/\/www.grupoargraf.com\/wp-content\/uploads\/2023\/03\/Grupo-Argraf-Impresion-de-etiquetas-Etiqueta-Avery-05-300x287.jpg 300w, https:\/\/www.grupoargraf.com\/wp-content\/uploads\/2023\/03\/Grupo-Argraf-Impresion-de-etiquetas-Etiqueta-Avery-05-768x735.jpg 768w\" sizes=\"auto, (max-width: 826px) 100vw, 826px\" \/><\/p>\n<p>&#8220;Nosaltres valorem tot el que pugui anar amb eco-design, perqu\u00e8 \u00e9s una de les claus dels tres partners&#8221;, ha incidit Miguel Garc\u00eda. En aquest sentit, ha destacat l\u201foportunitat que ha hagut de treballar un ecosistema molt ampli, que ha anat m\u00e9s enll\u00e0 de l\u201fimpressor i de l\u201fag\u00e8ncia, referint-se a prove\u00efdors de suro, taps, caixes, etc.<\/p>\n<p>De mica en mica m\u00e9s empreses se sumen a aquesta comunitat, cada dia m\u00e9s \u00e0mplia, d&#8217;empreses compromeses amb la sostenibilitat, com ho \u00e9s el Grup Argraf.<\/p>\n<p>Des del Grup Argraf podem dir que ha estat tot un luxe treballar en aquest projecte de la m\u00e0 d&#8217;Avery Dennison. Sens dubte, participar a Make a Mark ens ha perm\u00e8s que la nostra feina sigui coneguda a nivell internacional.<\/p>\n<p><iframe loading=\"lazy\" style=\"border: none; overflow: hidden;\" src=\"https:\/\/www.facebook.com\/plugins\/video.php?height=315&amp;href=https%3A%2F%2Fwww.facebook.com%2Fgrupoargraf%2Fvideos%2F709210750797842%2F&amp;show_text=false&amp;width=560&amp;t=0\" width=\"560\" height=\"315\" frameborder=\"0\" scrolling=\"no\" allowfullscreen=\"allowfullscreen\"><\/iframe><\/p>\n<p>A Grupo Argraf fa m\u00e9s de setanta anys que treballem al m\u00f3n de l&#8217;etiqueta i som l\u00edders a Espanya en aquest sector. El nostre repte ara \u00e9s que comencem a ser reconeguts internacionalment. I, \u00e9s clar, tornar a repetir experi\u00e8ncia de la m\u00e0 d&#8217;Avery Dennison.[\/vc_column_text][\/vc_column][\/vc_row]<\/p>\n<\/div>","protected":false},"excerpt":{"rendered":"<p>[vc_row][vc_column][vc_column_text]A Grupo Argraf apostem per la innovaci\u00f3. Per aix\u00f2 la nostra creativitat no t\u00e9 l\u00edmits i si ho pots imaginar, nosaltres podem donar-li forma. D&#8217;aqu\u00ed que accept\u00e9ssim participar a la segona edici\u00f3 de Make a Mark Project. En concret, per fer l&#8217;etiqueta d&#8217;EXOD. EXOD \u00e9s una reflexi\u00f3 sobre el futur; un spirit dissenyat per a&hellip;<\/p>\n","protected":false},"author":2,"featured_media":4547,"comment_status":"closed","ping_status":"closed","sticky":false,"template":"","format":"standard","meta":{"_acf_changed":false,"footnotes":""},"categories":[293],"tags":[294,295,62],"yst_prominent_words":[138,141,131],"class_list":["post-4582","post","type-post","status-publish","format-standard","has-post-thumbnail","hentry","category-noticies","tag-dissenyadors-grafics","tag-sense-limits-a-la-teva-creativitat","tag-sin-limites-a-tu-creatividad","category-293","description-off"],"acf":[],"_links":{"self":[{"href":"https:\/\/www.grupoargraf.com\/ca\/wp-json\/wp\/v2\/posts\/4582","targetHints":{"allow":["GET"]}}],"collection":[{"href":"https:\/\/www.grupoargraf.com\/ca\/wp-json\/wp\/v2\/posts"}],"about":[{"href":"https:\/\/www.grupoargraf.com\/ca\/wp-json\/wp\/v2\/types\/post"}],"author":[{"embeddable":true,"href":"https:\/\/www.grupoargraf.com\/ca\/wp-json\/wp\/v2\/users\/2"}],"replies":[{"embeddable":true,"href":"https:\/\/www.grupoargraf.com\/ca\/wp-json\/wp\/v2\/comments?post=4582"}],"version-history":[{"count":0,"href":"https:\/\/www.grupoargraf.com\/ca\/wp-json\/wp\/v2\/posts\/4582\/revisions"}],"wp:featuredmedia":[{"embeddable":true,"href":"https:\/\/www.grupoargraf.com\/ca\/wp-json\/wp\/v2\/media\/4547"}],"wp:attachment":[{"href":"https:\/\/www.grupoargraf.com\/ca\/wp-json\/wp\/v2\/media?parent=4582"}],"wp:term":[{"taxonomy":"category","embeddable":true,"href":"https:\/\/www.grupoargraf.com\/ca\/wp-json\/wp\/v2\/categories?post=4582"},{"taxonomy":"post_tag","embeddable":true,"href":"https:\/\/www.grupoargraf.com\/ca\/wp-json\/wp\/v2\/tags?post=4582"},{"taxonomy":"yst_prominent_words","embeddable":true,"href":"https:\/\/www.grupoargraf.com\/ca\/wp-json\/wp\/v2\/yst_prominent_words?post=4582"}],"curies":[{"name":"wp","href":"https:\/\/api.w.org\/{rel}","templated":true}]}}